{"id":13669,"date":"2015-02-03T10:32:47","date_gmt":"2015-02-03T09:32:47","guid":{"rendered":"https:\/\/www.adelte.com\/adelte-double-sa-presence-a-bordeaux\/"},"modified":"2020-03-17T10:35:53","modified_gmt":"2020-03-17T09:35:53","slug":"adelte-double-sa-presence-a-bordeaux","status":"publish","type":"post","link":"https:\/\/www.adelte.com\/fr\/adelte-double-sa-presence-a-bordeaux\/","title":{"rendered":"ADELTE double sa pr\u00e9sence \u00e0 Bordeaux"},"content":{"rendered":"<p><span class=\"tlid-translation translation\" lang=\"fr\"><span title=\"\"><strong>Barcelone, 3 f\u00e9vrier 2015<\/strong> &#8211; ADELTE a finalis\u00e9 la livraison de deux passerelles d&#8217;embarquement dernier cri \u00e0 l&rsquo;a\u00e9roport de Bordeaux-M\u00e9rignac.<\/span> <span class=\"\" title=\"\">Ces deux nouvelles unit\u00e9s offrent les m\u00eames caract\u00e9ristiques que les deux premiers PBB install\u00e9s l&rsquo;an dernier dans le m\u00eame a\u00e9roport et qui fonctionnent avec succ\u00e8s.<\/span><\/span><\/p>\n<p><span class=\"\" title=\"\">Compos\u00e9s de trois sections en acier croissant avec un m\u00e9canisme \u00e9lectrom\u00e9canique de traction et de levage, ils sont con\u00e7us avec des escaliers de service sur le c\u00f4t\u00e9 gauche de la cabine afin de s&rsquo;adapter parfaitement \u00e0 la configuration sp\u00e9cifique de la plate-forme et d&rsquo;accoster une large gamme d&rsquo;avions.<\/span> <span class=\"\" title=\"\">Avec un total de quatre passerelles d&#8217;embarquement avanc\u00e9es, la polyvalence, la flexibilit\u00e9 et l&rsquo;efficacit\u00e9 sont d\u00e9sormais une r\u00e9alit\u00e9 sur le tablier aquitanien.<\/span><\/p>\n","protected":false},"excerpt":{"rendered":"<p>Barcelone, 3 f\u00e9vrier 2015 &#8211; ADELTE a finalis\u00e9 la livraison de deux passerelles d&#8217;embarquement dernier cri \u00e0 l&rsquo;a\u00e9roport de Bordeaux-M\u00e9rignac. Ces deux nouvelles unit\u00e9s offrent les m\u00eames caract\u00e9ristiques que les deux premiers PBB install\u00e9s l&rsquo;an dernier dans le m\u00eame a\u00e9roport&hellip;<\/p>\n","protected":false},"author":3,"featured_media":13670,"comment_status":"open","ping_status":"open","sticky":false,"template":"","format":"standard","meta":{"_acf_changed":false,"footnotes":""},"categories":[108,105],"tags":[106],"class_list":["post-13669","post","type-post","status-publish","format-standard","has-post-thumbnail","hentry","category-airports-fr","category-adelte-group-fr","tag-passenger-boarding-bridges-fr","entry","has-media"],"acf":[],"yoast_head":"<!-- This site is optimized with the Yoast SEO plugin v27.3 - https:\/\/yoast.com\/product\/yoast-seo-wordpress\/ -->\n<title>ADELTE double sa pr\u00e9sence \u00e0 Bordeaux<\/title>\n<meta name=\"robots\" content=\"index, follow, max-snippet:-1, max-image-preview:large, max-video-preview:-1\" \/>\n<link rel=\"canonical\" href=\"https:\/\/www.adelte.com\/adelte-doubles-presence-bordeaux-airport\/\" \/>\n<meta property=\"og:locale\" content=\"fr_FR\" \/>\n<meta property=\"og:type\" content=\"article\" \/>\n<meta property=\"og:title\" content=\"ADELTE double sa pr\u00e9sence \u00e0 Bordeaux\" \/>\n<meta property=\"og:description\" content=\"Barcelone, 3 f\u00e9vrier 2015 &#8211; ADELTE a finalis\u00e9 la livraison de deux passerelles d&#8217;embarquement dernier cri \u00e0 l&rsquo;a\u00e9roport de Bordeaux-M\u00e9rignac. Ces deux nouvelles unit\u00e9s offrent les m\u00eames caract\u00e9ristiques que les deux premiers PBB install\u00e9s l&rsquo;an dernier dans le m\u00eame a\u00e9roport&hellip;\" \/>\n<meta property=\"og:url\" content=\"https:\/\/www.adelte.com\/adelte-doubles-presence-bordeaux-airport\/\" \/>\n<meta property=\"og:site_name\" content=\"ADELTE\" \/>\n<meta property=\"article:published_time\" content=\"2015-02-03T09:32:47+00:00\" \/>\n<meta property=\"article:modified_time\" content=\"2020-03-17T09:35:53+00:00\" \/>\n<meta property=\"og:image\" content=\"https:\/\/www.adelte.com\/wp-content\/uploads\/2015\/02\/passenger_boarding_bridges_bordeaux_airport_ii.jpg\" \/>\n\t<meta property=\"og:image:width\" content=\"624\" \/>\n\t<meta property=\"og:image:height\" content=\"284\" \/>\n\t<meta property=\"og:image:type\" content=\"image\/jpeg\" \/>\n<meta name=\"author\" content=\"adelte\" \/>\n<meta name=\"twitter:card\" content=\"summary_large_image\" \/>\n<meta name=\"twitter:label1\" content=\"\u00c9crit par\" \/>\n\t<meta name=\"twitter:data1\" content=\"adelte\" \/>\n\t<meta name=\"twitter:label2\" content=\"Dur\u00e9e de lecture estim\u00e9e\" \/>\n\t<meta name=\"twitter:data2\" content=\"1 minute\" \/>\n<script type=\"application\/ld+json\" class=\"yoast-schema-graph\">{\"@context\":\"https:\\\/\\\/schema.org\",\"@graph\":[{\"@type\":\"Article\",\"@id\":\"https:\\\/\\\/www.adelte.com\\\/adelte-doubles-presence-bordeaux-airport\\\/#article\",\"isPartOf\":{\"@id\":\"https:\\\/\\\/www.adelte.com\\\/adelte-doubles-presence-bordeaux-airport\\\/\"},\"author\":{\"name\":\"adelte\",\"@id\":\"https:\\\/\\\/www.adelte.com\\\/#\\\/schema\\\/person\\\/e7c1478e7002901332b4ac58e1c40a6c\"},\"headline\":\"ADELTE double sa pr\u00e9sence \u00e0 Bordeaux\",\"datePublished\":\"2015-02-03T09:32:47+00:00\",\"dateModified\":\"2020-03-17T09:35:53+00:00\",\"mainEntityOfPage\":{\"@id\":\"https:\\\/\\\/www.adelte.com\\\/adelte-doubles-presence-bordeaux-airport\\\/\"},\"wordCount\":136,\"commentCount\":0,\"publisher\":{\"@id\":\"https:\\\/\\\/www.adelte.com\\\/#organization\"},\"image\":{\"@id\":\"https:\\\/\\\/www.adelte.com\\\/adelte-doubles-presence-bordeaux-airport\\\/#primaryimage\"},\"thumbnailUrl\":\"https:\\\/\\\/www.adelte.com\\\/wp-content\\\/uploads\\\/2015\\\/02\\\/passenger_boarding_bridges_bordeaux_airport_ii.jpg\",\"keywords\":[\"Passenger Boarding Bridges\"],\"articleSection\":[\"A\u00e9roports\",\"Groupe ADELTE\"],\"inLanguage\":\"fr-FR\",\"potentialAction\":[{\"@type\":\"CommentAction\",\"name\":\"Comment\",\"target\":[\"https:\\\/\\\/www.adelte.com\\\/adelte-doubles-presence-bordeaux-airport\\\/#respond\"]}]},{\"@type\":\"WebPage\",\"@id\":\"https:\\\/\\\/www.adelte.com\\\/adelte-doubles-presence-bordeaux-airport\\\/\",\"url\":\"https:\\\/\\\/www.adelte.com\\\/adelte-doubles-presence-bordeaux-airport\\\/\",\"name\":\"ADELTE double sa pr\u00e9sence \u00e0 Bordeaux\",\"isPartOf\":{\"@id\":\"https:\\\/\\\/www.adelte.com\\\/#website\"},\"primaryImageOfPage\":{\"@id\":\"https:\\\/\\\/www.adelte.com\\\/adelte-doubles-presence-bordeaux-airport\\\/#primaryimage\"},\"image\":{\"@id\":\"https:\\\/\\\/www.adelte.com\\\/adelte-doubles-presence-bordeaux-airport\\\/#primaryimage\"},\"thumbnailUrl\":\"https:\\\/\\\/www.adelte.com\\\/wp-content\\\/uploads\\\/2015\\\/02\\\/passenger_boarding_bridges_bordeaux_airport_ii.jpg\",\"datePublished\":\"2015-02-03T09:32:47+00:00\",\"dateModified\":\"2020-03-17T09:35:53+00:00\",\"breadcrumb\":{\"@id\":\"https:\\\/\\\/www.adelte.com\\\/adelte-doubles-presence-bordeaux-airport\\\/#breadcrumb\"},\"inLanguage\":\"fr-FR\",\"potentialAction\":[{\"@type\":\"ReadAction\",\"target\":[\"https:\\\/\\\/www.adelte.com\\\/adelte-doubles-presence-bordeaux-airport\\\/\"]}]},{\"@type\":\"ImageObject\",\"inLanguage\":\"fr-FR\",\"@id\":\"https:\\\/\\\/www.adelte.com\\\/adelte-doubles-presence-bordeaux-airport\\\/#primaryimage\",\"url\":\"https:\\\/\\\/www.adelte.com\\\/wp-content\\\/uploads\\\/2015\\\/02\\\/passenger_boarding_bridges_bordeaux_airport_ii.jpg\",\"contentUrl\":\"https:\\\/\\\/www.adelte.com\\\/wp-content\\\/uploads\\\/2015\\\/02\\\/passenger_boarding_bridges_bordeaux_airport_ii.jpg\",\"width\":624,\"height\":284},{\"@type\":\"BreadcrumbList\",\"@id\":\"https:\\\/\\\/www.adelte.com\\\/adelte-doubles-presence-bordeaux-airport\\\/#breadcrumb\",\"itemListElement\":[{\"@type\":\"ListItem\",\"position\":1,\"name\":\"Home\",\"item\":\"https:\\\/\\\/www.adelte.com\\\/fr\\\/\"},{\"@type\":\"ListItem\",\"position\":2,\"name\":\"ADELTE double sa pr\u00e9sence \u00e0 Bordeaux\"}]},{\"@type\":\"WebSite\",\"@id\":\"https:\\\/\\\/www.adelte.com\\\/#website\",\"url\":\"https:\\\/\\\/www.adelte.com\\\/\",\"name\":\"ADELTE\",\"description\":\"\",\"publisher\":{\"@id\":\"https:\\\/\\\/www.adelte.com\\\/#organization\"},\"potentialAction\":[{\"@type\":\"SearchAction\",\"target\":{\"@type\":\"EntryPoint\",\"urlTemplate\":\"https:\\\/\\\/www.adelte.com\\\/?s={search_term_string}\"},\"query-input\":{\"@type\":\"PropertyValueSpecification\",\"valueRequired\":true,\"valueName\":\"search_term_string\"}}],\"inLanguage\":\"fr-FR\"},{\"@type\":\"Organization\",\"@id\":\"https:\\\/\\\/www.adelte.com\\\/#organization\",\"name\":\"ADELTE\",\"url\":\"https:\\\/\\\/www.adelte.com\\\/\",\"logo\":{\"@type\":\"ImageObject\",\"inLanguage\":\"fr-FR\",\"@id\":\"https:\\\/\\\/www.adelte.com\\\/#\\\/schema\\\/logo\\\/image\\\/\",\"url\":\"https:\\\/\\\/www.adelte.com\\\/wp-content\\\/uploads\\\/2019\\\/05\\\/logo-adelte-white.png\",\"contentUrl\":\"https:\\\/\\\/www.adelte.com\\\/wp-content\\\/uploads\\\/2019\\\/05\\\/logo-adelte-white.png\",\"width\":251,\"height\":56,\"caption\":\"ADELTE\"},\"image\":{\"@id\":\"https:\\\/\\\/www.adelte.com\\\/#\\\/schema\\\/logo\\\/image\\\/\"}},{\"@type\":\"Person\",\"@id\":\"https:\\\/\\\/www.adelte.com\\\/#\\\/schema\\\/person\\\/e7c1478e7002901332b4ac58e1c40a6c\",\"name\":\"adelte\",\"image\":{\"@type\":\"ImageObject\",\"inLanguage\":\"fr-FR\",\"@id\":\"https:\\\/\\\/secure.gravatar.com\\\/avatar\\\/bdfa24da655565029b971ea6d2320596b413b3595cf09b49c914d8c5d9098b55\",\"url\":\"https:\\\/\\\/secure.gravatar.com\\\/avatar\\\/bdfa24da655565029b971ea6d2320596b413b3595cf09b49c914d8c5d9098b55\",\"contentUrl\":\"https:\\\/\\\/secure.gravatar.com\\\/avatar\\\/bdfa24da655565029b971ea6d2320596b413b3595cf09b49c914d8c5d9098b55\",\"caption\":\"adelte\"}}]}<\/script>\n<!-- \/ Yoast SEO plugin. -->","yoast_head_json":{"title":"ADELTE double sa pr\u00e9sence \u00e0 Bordeaux","robots":{"index":"index","follow":"follow","max-snippet":"max-snippet:-1","max-image-preview":"max-image-preview:large","max-video-preview":"max-video-preview:-1"},"canonical":"https:\/\/www.adelte.com\/adelte-doubles-presence-bordeaux-airport\/","og_locale":"fr_FR","og_type":"article","og_title":"ADELTE double sa pr\u00e9sence \u00e0 Bordeaux","og_description":"Barcelone, 3 f\u00e9vrier 2015 &#8211; ADELTE a finalis\u00e9 la livraison de deux passerelles d&#8217;embarquement dernier cri \u00e0 l&rsquo;a\u00e9roport de Bordeaux-M\u00e9rignac. Ces deux nouvelles unit\u00e9s offrent les m\u00eames caract\u00e9ristiques que les deux premiers PBB install\u00e9s l&rsquo;an dernier dans le m\u00eame a\u00e9roport&hellip;","og_url":"https:\/\/www.adelte.com\/adelte-doubles-presence-bordeaux-airport\/","og_site_name":"ADELTE","article_published_time":"2015-02-03T09:32:47+00:00","article_modified_time":"2020-03-17T09:35:53+00:00","og_image":[{"width":624,"height":284,"url":"https:\/\/www.adelte.com\/wp-content\/uploads\/2015\/02\/passenger_boarding_bridges_bordeaux_airport_ii.jpg","type":"image\/jpeg"}],"author":"adelte","twitter_card":"summary_large_image","twitter_misc":{"\u00c9crit par":"adelte","Dur\u00e9e de lecture estim\u00e9e":"1 minute"},"schema":{"@context":"https:\/\/schema.org","@graph":[{"@type":"Article","@id":"https:\/\/www.adelte.com\/adelte-doubles-presence-bordeaux-airport\/#article","isPartOf":{"@id":"https:\/\/www.adelte.com\/adelte-doubles-presence-bordeaux-airport\/"},"author":{"name":"adelte","@id":"https:\/\/www.adelte.com\/#\/schema\/person\/e7c1478e7002901332b4ac58e1c40a6c"},"headline":"ADELTE double sa pr\u00e9sence \u00e0 Bordeaux","datePublished":"2015-02-03T09:32:47+00:00","dateModified":"2020-03-17T09:35:53+00:00","mainEntityOfPage":{"@id":"https:\/\/www.adelte.com\/adelte-doubles-presence-bordeaux-airport\/"},"wordCount":136,"commentCount":0,"publisher":{"@id":"https:\/\/www.adelte.com\/#organization"},"image":{"@id":"https:\/\/www.adelte.com\/adelte-doubles-presence-bordeaux-airport\/#primaryimage"},"thumbnailUrl":"https:\/\/www.adelte.com\/wp-content\/uploads\/2015\/02\/passenger_boarding_bridges_bordeaux_airport_ii.jpg","keywords":["Passenger Boarding Bridges"],"articleSection":["A\u00e9roports","Groupe ADELTE"],"inLanguage":"fr-FR","potentialAction":[{"@type":"CommentAction","name":"Comment","target":["https:\/\/www.adelte.com\/adelte-doubles-presence-bordeaux-airport\/#respond"]}]},{"@type":"WebPage","@id":"https:\/\/www.adelte.com\/adelte-doubles-presence-bordeaux-airport\/","url":"https:\/\/www.adelte.com\/adelte-doubles-presence-bordeaux-airport\/","name":"ADELTE double sa pr\u00e9sence \u00e0 Bordeaux","isPartOf":{"@id":"https:\/\/www.adelte.com\/#website"},"primaryImageOfPage":{"@id":"https:\/\/www.adelte.com\/adelte-doubles-presence-bordeaux-airport\/#primaryimage"},"image":{"@id":"https:\/\/www.adelte.com\/adelte-doubles-presence-bordeaux-airport\/#primaryimage"},"thumbnailUrl":"https:\/\/www.adelte.com\/wp-content\/uploads\/2015\/02\/passenger_boarding_bridges_bordeaux_airport_ii.jpg","datePublished":"2015-02-03T09:32:47+00:00","dateModified":"2020-03-17T09:35:53+00:00","breadcrumb":{"@id":"https:\/\/www.adelte.com\/adelte-doubles-presence-bordeaux-airport\/#breadcrumb"},"inLanguage":"fr-FR","potentialAction":[{"@type":"ReadAction","target":["https:\/\/www.adelte.com\/adelte-doubles-presence-bordeaux-airport\/"]}]},{"@type":"ImageObject","inLanguage":"fr-FR","@id":"https:\/\/www.adelte.com\/adelte-doubles-presence-bordeaux-airport\/#primaryimage","url":"https:\/\/www.adelte.com\/wp-content\/uploads\/2015\/02\/passenger_boarding_bridges_bordeaux_airport_ii.jpg","contentUrl":"https:\/\/www.adelte.com\/wp-content\/uploads\/2015\/02\/passenger_boarding_bridges_bordeaux_airport_ii.jpg","width":624,"height":284},{"@type":"BreadcrumbList","@id":"https:\/\/www.adelte.com\/adelte-doubles-presence-bordeaux-airport\/#breadcrumb","itemListElement":[{"@type":"ListItem","position":1,"name":"Home","item":"https:\/\/www.adelte.com\/fr\/"},{"@type":"ListItem","position":2,"name":"ADELTE double sa pr\u00e9sence \u00e0 Bordeaux"}]},{"@type":"WebSite","@id":"https:\/\/www.adelte.com\/#website","url":"https:\/\/www.adelte.com\/","name":"ADELTE","description":"","publisher":{"@id":"https:\/\/www.adelte.com\/#organization"},"potentialAction":[{"@type":"SearchAction","target":{"@type":"EntryPoint","urlTemplate":"https:\/\/www.adelte.com\/?s={search_term_string}"},"query-input":{"@type":"PropertyValueSpecification","valueRequired":true,"valueName":"search_term_string"}}],"inLanguage":"fr-FR"},{"@type":"Organization","@id":"https:\/\/www.adelte.com\/#organization","name":"ADELTE","url":"https:\/\/www.adelte.com\/","logo":{"@type":"ImageObject","inLanguage":"fr-FR","@id":"https:\/\/www.adelte.com\/#\/schema\/logo\/image\/","url":"https:\/\/www.adelte.com\/wp-content\/uploads\/2019\/05\/logo-adelte-white.png","contentUrl":"https:\/\/www.adelte.com\/wp-content\/uploads\/2019\/05\/logo-adelte-white.png","width":251,"height":56,"caption":"ADELTE"},"image":{"@id":"https:\/\/www.adelte.com\/#\/schema\/logo\/image\/"}},{"@type":"Person","@id":"https:\/\/www.adelte.com\/#\/schema\/person\/e7c1478e7002901332b4ac58e1c40a6c","name":"adelte","image":{"@type":"ImageObject","inLanguage":"fr-FR","@id":"https:\/\/secure.gravatar.com\/avatar\/bdfa24da655565029b971ea6d2320596b413b3595cf09b49c914d8c5d9098b55","url":"https:\/\/secure.gravatar.com\/avatar\/bdfa24da655565029b971ea6d2320596b413b3595cf09b49c914d8c5d9098b55","contentUrl":"https:\/\/secure.gravatar.com\/avatar\/bdfa24da655565029b971ea6d2320596b413b3595cf09b49c914d8c5d9098b55","caption":"adelte"}}]}},"_links":{"self":[{"href":"https:\/\/www.adelte.com\/fr\/wp-json\/wp\/v2\/posts\/13669","targetHints":{"allow":["GET"]}}],"collection":[{"href":"https:\/\/www.adelte.com\/fr\/wp-json\/wp\/v2\/posts"}],"about":[{"href":"https:\/\/www.adelte.com\/fr\/wp-json\/wp\/v2\/types\/post"}],"author":[{"embeddable":true,"href":"https:\/\/www.adelte.com\/fr\/wp-json\/wp\/v2\/users\/3"}],"replies":[{"embeddable":true,"href":"https:\/\/www.adelte.com\/fr\/wp-json\/wp\/v2\/comments?post=13669"}],"version-history":[{"count":1,"href":"https:\/\/www.adelte.com\/fr\/wp-json\/wp\/v2\/posts\/13669\/revisions"}],"predecessor-version":[{"id":13673,"href":"https:\/\/www.adelte.com\/fr\/wp-json\/wp\/v2\/posts\/13669\/revisions\/13673"}],"wp:featuredmedia":[{"embeddable":true,"href":"https:\/\/www.adelte.com\/fr\/wp-json\/wp\/v2\/media\/13670"}],"wp:attachment":[{"href":"https:\/\/www.adelte.com\/fr\/wp-json\/wp\/v2\/media?parent=13669"}],"wp:term":[{"taxonomy":"category","embeddable":true,"href":"https:\/\/www.adelte.com\/fr\/wp-json\/wp\/v2\/categories?post=13669"},{"taxonomy":"post_tag","embeddable":true,"href":"https:\/\/www.adelte.com\/fr\/wp-json\/wp\/v2\/tags?post=13669"}],"curies":[{"name":"wp","href":"https:\/\/api.w.org\/{rel}","templated":true}]}}