{"id":9061,"date":"2017-08-03T16:44:29","date_gmt":"2017-08-03T15:44:29","guid":{"rendered":"http:\/\/www.adelte.com\/?p=4677"},"modified":"2018-09-18T08:37:02","modified_gmt":"2018-09-18T07:37:02","slug":"adelte-group-desmiente-haber-concertado-un-proyecto-en-china-en-el-marco-del-fichaje-del-jugador-paulinho-bezerra","status":"publish","type":"post","link":"https:\/\/www.adelte.com\/es\/adelte-group-desmiente-haber-concertado-un-proyecto-en-china-en-el-marco-del-fichaje-del-jugador-paulinho-bezerra\/","title":{"rendered":"ADELTE Group desmiente haber concertado un proyecto en China en el marco del fichaje del jugador Paulinho Bezerra"},"content":{"rendered":"<p><img loading=\"lazy\" decoding=\"async\" class=\"alignnone size-full wp-image-4678\" src=\"https:\/\/www.adelte.com\/wp-content\/uploads\/2017\/08\/adelte_fake_news-1.jpg\" alt=\"\" width=\"624\" height=\"374\" \/><\/p>\n<p>Recientemente se ha publicado la noticia acusando a ADELTE Group y a su consejero delegado Josep M\u00aa Bartomeu de haber concertado un proyecto en China en el marco del fichaje del\u00a0 jugador de f\u00fatbol Paulinho Bezerra. Sin embargo, eso es una falsedad absoluta.<!--more--><\/p>\n<p>ADELTE Group no est\u00e1 involucrado de ninguna forma en ning\u00fan proyecto con la empresa Evergrande Group, hecho que hubiera sido f\u00e1cilmente conocido a poco de haber sido contrastada la noticia.<\/p>\n<p>En el marco de lo sucedido, ADELTE GROUP est\u00e1 ejercitando su leg\u00edtimo derecho a la rectificaci\u00f3n frente a todos aquellos autores y medios de comunicaci\u00f3n que han difundido, reiteramos, la noticia falsa, sin perjuicio del ejercicio de cuantas acciones judiciales sean oportunas y que esta empresa se reserva.<\/p>\n<p>&nbsp;<\/p>\n","protected":false},"excerpt":{"rendered":"<p>Recientemente se ha publicado la noticia acusando a ADELTE Group y a su consejero delegado Josep M\u00aa Bartomeu de haber concertado un proyecto en China en el marco del fichaje del\u00a0 jugador de f\u00fatbol Paulinho Bezerra. Sin embargo, eso es&hellip;<\/p>\n","protected":false},"author":3,"featured_media":9077,"comment_status":"closed","ping_status":"closed","sticky":false,"template":"","format":"standard","meta":{"_acf_changed":false,"footnotes":""},"categories":[71],"tags":[],"class_list":["post-9061","post","type-post","status-publish","format-standard","has-post-thumbnail","hentry","category-grupo-adelte-es","entry","has-media"],"acf":[],"yoast_head":"<!-- This site is optimized with the Yoast SEO plugin v27.3 - https:\/\/yoast.com\/product\/yoast-seo-wordpress\/ -->\n<title>ADELTE Group desmiente haber concertado un proyecto en China en el marco del fichaje del jugador Paulinho Bezerra<\/title>\n<meta name=\"robots\" content=\"index, follow, max-snippet:-1, max-image-preview:large, max-video-preview:-1\" \/>\n<link rel=\"canonical\" href=\"https:\/\/www.adelte.com\/adelte-group-refutes-having-agreed-a-project-in-china-in-relation-to-the-signing-of-football-player-paulinho-bezerra\/\" \/>\n<meta property=\"og:locale\" content=\"es_ES\" \/>\n<meta property=\"og:type\" content=\"article\" \/>\n<meta property=\"og:title\" content=\"ADELTE Group desmiente haber concertado un proyecto en China en el marco del fichaje del jugador Paulinho Bezerra\" \/>\n<meta property=\"og:description\" content=\"Recientemente se ha publicado la noticia acusando a ADELTE Group y a su consejero delegado Josep M\u00aa Bartomeu de haber concertado un proyecto en China en el marco del fichaje del\u00a0 jugador de f\u00fatbol Paulinho Bezerra. Sin embargo, eso es&hellip;\" \/>\n<meta property=\"og:url\" content=\"https:\/\/www.adelte.com\/adelte-group-refutes-having-agreed-a-project-in-china-in-relation-to-the-signing-of-football-player-paulinho-bezerra\/\" \/>\n<meta property=\"og:site_name\" content=\"ADELTE\" \/>\n<meta property=\"article:published_time\" content=\"2017-08-03T15:44:29+00:00\" \/>\n<meta property=\"article:modified_time\" content=\"2018-09-18T07:37:02+00:00\" \/>\n<meta property=\"og:image\" content=\"https:\/\/www.adelte.com\/wp-content\/uploads\/2017\/10\/adelte_fake_news.jpg\" \/>\n\t<meta property=\"og:image:width\" content=\"624\" \/>\n\t<meta property=\"og:image:height\" content=\"374\" \/>\n\t<meta property=\"og:image:type\" content=\"image\/jpeg\" \/>\n<meta name=\"author\" content=\"adelte\" \/>\n<meta name=\"twitter:card\" content=\"summary_large_image\" \/>\n<meta name=\"twitter:label1\" content=\"Escrito por\" \/>\n\t<meta name=\"twitter:data1\" content=\"adelte\" \/>\n\t<meta name=\"twitter:label2\" content=\"Tiempo de lectura\" \/>\n\t<meta name=\"twitter:data2\" content=\"1 minuto\" \/>\n<script type=\"application\/ld+json\" class=\"yoast-schema-graph\">{\"@context\":\"https:\\\/\\\/schema.org\",\"@graph\":[{\"@type\":\"Article\",\"@id\":\"https:\\\/\\\/www.adelte.com\\\/adelte-group-refutes-having-agreed-a-project-in-china-in-relation-to-the-signing-of-football-player-paulinho-bezerra\\\/#article\",\"isPartOf\":{\"@id\":\"https:\\\/\\\/www.adelte.com\\\/adelte-group-refutes-having-agreed-a-project-in-china-in-relation-to-the-signing-of-football-player-paulinho-bezerra\\\/\"},\"author\":{\"name\":\"adelte\",\"@id\":\"https:\\\/\\\/www.adelte.com\\\/#\\\/schema\\\/person\\\/e7c1478e7002901332b4ac58e1c40a6c\"},\"headline\":\"ADELTE Group desmiente haber concertado un proyecto en China en el marco del fichaje del jugador Paulinho Bezerra\",\"datePublished\":\"2017-08-03T15:44:29+00:00\",\"dateModified\":\"2018-09-18T07:37:02+00:00\",\"mainEntityOfPage\":{\"@id\":\"https:\\\/\\\/www.adelte.com\\\/adelte-group-refutes-having-agreed-a-project-in-china-in-relation-to-the-signing-of-football-player-paulinho-bezerra\\\/\"},\"wordCount\":146,\"publisher\":{\"@id\":\"https:\\\/\\\/www.adelte.com\\\/#organization\"},\"image\":{\"@id\":\"https:\\\/\\\/www.adelte.com\\\/adelte-group-refutes-having-agreed-a-project-in-china-in-relation-to-the-signing-of-football-player-paulinho-bezerra\\\/#primaryimage\"},\"thumbnailUrl\":\"https:\\\/\\\/www.adelte.com\\\/wp-content\\\/uploads\\\/2017\\\/10\\\/adelte_fake_news.jpg\",\"articleSection\":[\"ADELTE Group\"],\"inLanguage\":\"es\"},{\"@type\":\"WebPage\",\"@id\":\"https:\\\/\\\/www.adelte.com\\\/adelte-group-refutes-having-agreed-a-project-in-china-in-relation-to-the-signing-of-football-player-paulinho-bezerra\\\/\",\"url\":\"https:\\\/\\\/www.adelte.com\\\/adelte-group-refutes-having-agreed-a-project-in-china-in-relation-to-the-signing-of-football-player-paulinho-bezerra\\\/\",\"name\":\"ADELTE Group desmiente haber concertado un proyecto en China en el marco del fichaje del jugador Paulinho Bezerra\",\"isPartOf\":{\"@id\":\"https:\\\/\\\/www.adelte.com\\\/#website\"},\"primaryImageOfPage\":{\"@id\":\"https:\\\/\\\/www.adelte.com\\\/adelte-group-refutes-having-agreed-a-project-in-china-in-relation-to-the-signing-of-football-player-paulinho-bezerra\\\/#primaryimage\"},\"image\":{\"@id\":\"https:\\\/\\\/www.adelte.com\\\/adelte-group-refutes-having-agreed-a-project-in-china-in-relation-to-the-signing-of-football-player-paulinho-bezerra\\\/#primaryimage\"},\"thumbnailUrl\":\"https:\\\/\\\/www.adelte.com\\\/wp-content\\\/uploads\\\/2017\\\/10\\\/adelte_fake_news.jpg\",\"datePublished\":\"2017-08-03T15:44:29+00:00\",\"dateModified\":\"2018-09-18T07:37:02+00:00\",\"breadcrumb\":{\"@id\":\"https:\\\/\\\/www.adelte.com\\\/adelte-group-refutes-having-agreed-a-project-in-china-in-relation-to-the-signing-of-football-player-paulinho-bezerra\\\/#breadcrumb\"},\"inLanguage\":\"es\",\"potentialAction\":[{\"@type\":\"ReadAction\",\"target\":[\"https:\\\/\\\/www.adelte.com\\\/adelte-group-refutes-having-agreed-a-project-in-china-in-relation-to-the-signing-of-football-player-paulinho-bezerra\\\/\"]}]},{\"@type\":\"ImageObject\",\"inLanguage\":\"es\",\"@id\":\"https:\\\/\\\/www.adelte.com\\\/adelte-group-refutes-having-agreed-a-project-in-china-in-relation-to-the-signing-of-football-player-paulinho-bezerra\\\/#primaryimage\",\"url\":\"https:\\\/\\\/www.adelte.com\\\/wp-content\\\/uploads\\\/2017\\\/10\\\/adelte_fake_news.jpg\",\"contentUrl\":\"https:\\\/\\\/www.adelte.com\\\/wp-content\\\/uploads\\\/2017\\\/10\\\/adelte_fake_news.jpg\",\"width\":624,\"height\":374},{\"@type\":\"BreadcrumbList\",\"@id\":\"https:\\\/\\\/www.adelte.com\\\/adelte-group-refutes-having-agreed-a-project-in-china-in-relation-to-the-signing-of-football-player-paulinho-bezerra\\\/#breadcrumb\",\"itemListElement\":[{\"@type\":\"ListItem\",\"position\":1,\"name\":\"Home\",\"item\":\"https:\\\/\\\/www.adelte.com\\\/es\\\/\"},{\"@type\":\"ListItem\",\"position\":2,\"name\":\"ADELTE Group desmiente haber concertado un proyecto en China en el marco del fichaje del jugador Paulinho Bezerra\"}]},{\"@type\":\"WebSite\",\"@id\":\"https:\\\/\\\/www.adelte.com\\\/#website\",\"url\":\"https:\\\/\\\/www.adelte.com\\\/\",\"name\":\"ADELTE\",\"description\":\"\",\"publisher\":{\"@id\":\"https:\\\/\\\/www.adelte.com\\\/#organization\"},\"potentialAction\":[{\"@type\":\"SearchAction\",\"target\":{\"@type\":\"EntryPoint\",\"urlTemplate\":\"https:\\\/\\\/www.adelte.com\\\/?s={search_term_string}\"},\"query-input\":{\"@type\":\"PropertyValueSpecification\",\"valueRequired\":true,\"valueName\":\"search_term_string\"}}],\"inLanguage\":\"es\"},{\"@type\":\"Organization\",\"@id\":\"https:\\\/\\\/www.adelte.com\\\/#organization\",\"name\":\"ADELTE\",\"url\":\"https:\\\/\\\/www.adelte.com\\\/\",\"logo\":{\"@type\":\"ImageObject\",\"inLanguage\":\"es\",\"@id\":\"https:\\\/\\\/www.adelte.com\\\/#\\\/schema\\\/logo\\\/image\\\/\",\"url\":\"https:\\\/\\\/www.adelte.com\\\/wp-content\\\/uploads\\\/2019\\\/05\\\/logo-adelte-white.png\",\"contentUrl\":\"https:\\\/\\\/www.adelte.com\\\/wp-content\\\/uploads\\\/2019\\\/05\\\/logo-adelte-white.png\",\"width\":251,\"height\":56,\"caption\":\"ADELTE\"},\"image\":{\"@id\":\"https:\\\/\\\/www.adelte.com\\\/#\\\/schema\\\/logo\\\/image\\\/\"}},{\"@type\":\"Person\",\"@id\":\"https:\\\/\\\/www.adelte.com\\\/#\\\/schema\\\/person\\\/e7c1478e7002901332b4ac58e1c40a6c\",\"name\":\"adelte\",\"image\":{\"@type\":\"ImageObject\",\"inLanguage\":\"es\",\"@id\":\"https:\\\/\\\/secure.gravatar.com\\\/avatar\\\/bdfa24da655565029b971ea6d2320596b413b3595cf09b49c914d8c5d9098b55\",\"url\":\"https:\\\/\\\/secure.gravatar.com\\\/avatar\\\/bdfa24da655565029b971ea6d2320596b413b3595cf09b49c914d8c5d9098b55\",\"contentUrl\":\"https:\\\/\\\/secure.gravatar.com\\\/avatar\\\/bdfa24da655565029b971ea6d2320596b413b3595cf09b49c914d8c5d9098b55\",\"caption\":\"adelte\"}}]}<\/script>\n<!-- \/ Yoast SEO plugin. -->","yoast_head_json":{"title":"ADELTE Group desmiente haber concertado un proyecto en China en el marco del fichaje del jugador Paulinho Bezerra","robots":{"index":"index","follow":"follow","max-snippet":"max-snippet:-1","max-image-preview":"max-image-preview:large","max-video-preview":"max-video-preview:-1"},"canonical":"https:\/\/www.adelte.com\/adelte-group-refutes-having-agreed-a-project-in-china-in-relation-to-the-signing-of-football-player-paulinho-bezerra\/","og_locale":"es_ES","og_type":"article","og_title":"ADELTE Group desmiente haber concertado un proyecto en China en el marco del fichaje del jugador Paulinho Bezerra","og_description":"Recientemente se ha publicado la noticia acusando a ADELTE Group y a su consejero delegado Josep M\u00aa Bartomeu de haber concertado un proyecto en China en el marco del fichaje del\u00a0 jugador de f\u00fatbol Paulinho Bezerra. Sin embargo, eso es&hellip;","og_url":"https:\/\/www.adelte.com\/adelte-group-refutes-having-agreed-a-project-in-china-in-relation-to-the-signing-of-football-player-paulinho-bezerra\/","og_site_name":"ADELTE","article_published_time":"2017-08-03T15:44:29+00:00","article_modified_time":"2018-09-18T07:37:02+00:00","og_image":[{"width":624,"height":374,"url":"https:\/\/www.adelte.com\/wp-content\/uploads\/2017\/10\/adelte_fake_news.jpg","type":"image\/jpeg"}],"author":"adelte","twitter_card":"summary_large_image","twitter_misc":{"Escrito por":"adelte","Tiempo de lectura":"1 minuto"},"schema":{"@context":"https:\/\/schema.org","@graph":[{"@type":"Article","@id":"https:\/\/www.adelte.com\/adelte-group-refutes-having-agreed-a-project-in-china-in-relation-to-the-signing-of-football-player-paulinho-bezerra\/#article","isPartOf":{"@id":"https:\/\/www.adelte.com\/adelte-group-refutes-having-agreed-a-project-in-china-in-relation-to-the-signing-of-football-player-paulinho-bezerra\/"},"author":{"name":"adelte","@id":"https:\/\/www.adelte.com\/#\/schema\/person\/e7c1478e7002901332b4ac58e1c40a6c"},"headline":"ADELTE Group desmiente haber concertado un proyecto en China en el marco del fichaje del jugador Paulinho Bezerra","datePublished":"2017-08-03T15:44:29+00:00","dateModified":"2018-09-18T07:37:02+00:00","mainEntityOfPage":{"@id":"https:\/\/www.adelte.com\/adelte-group-refutes-having-agreed-a-project-in-china-in-relation-to-the-signing-of-football-player-paulinho-bezerra\/"},"wordCount":146,"publisher":{"@id":"https:\/\/www.adelte.com\/#organization"},"image":{"@id":"https:\/\/www.adelte.com\/adelte-group-refutes-having-agreed-a-project-in-china-in-relation-to-the-signing-of-football-player-paulinho-bezerra\/#primaryimage"},"thumbnailUrl":"https:\/\/www.adelte.com\/wp-content\/uploads\/2017\/10\/adelte_fake_news.jpg","articleSection":["ADELTE Group"],"inLanguage":"es"},{"@type":"WebPage","@id":"https:\/\/www.adelte.com\/adelte-group-refutes-having-agreed-a-project-in-china-in-relation-to-the-signing-of-football-player-paulinho-bezerra\/","url":"https:\/\/www.adelte.com\/adelte-group-refutes-having-agreed-a-project-in-china-in-relation-to-the-signing-of-football-player-paulinho-bezerra\/","name":"ADELTE Group desmiente haber concertado un proyecto en China en el marco del fichaje del jugador Paulinho Bezerra","isPartOf":{"@id":"https:\/\/www.adelte.com\/#website"},"primaryImageOfPage":{"@id":"https:\/\/www.adelte.com\/adelte-group-refutes-having-agreed-a-project-in-china-in-relation-to-the-signing-of-football-player-paulinho-bezerra\/#primaryimage"},"image":{"@id":"https:\/\/www.adelte.com\/adelte-group-refutes-having-agreed-a-project-in-china-in-relation-to-the-signing-of-football-player-paulinho-bezerra\/#primaryimage"},"thumbnailUrl":"https:\/\/www.adelte.com\/wp-content\/uploads\/2017\/10\/adelte_fake_news.jpg","datePublished":"2017-08-03T15:44:29+00:00","dateModified":"2018-09-18T07:37:02+00:00","breadcrumb":{"@id":"https:\/\/www.adelte.com\/adelte-group-refutes-having-agreed-a-project-in-china-in-relation-to-the-signing-of-football-player-paulinho-bezerra\/#breadcrumb"},"inLanguage":"es","potentialAction":[{"@type":"ReadAction","target":["https:\/\/www.adelte.com\/adelte-group-refutes-having-agreed-a-project-in-china-in-relation-to-the-signing-of-football-player-paulinho-bezerra\/"]}]},{"@type":"ImageObject","inLanguage":"es","@id":"https:\/\/www.adelte.com\/adelte-group-refutes-having-agreed-a-project-in-china-in-relation-to-the-signing-of-football-player-paulinho-bezerra\/#primaryimage","url":"https:\/\/www.adelte.com\/wp-content\/uploads\/2017\/10\/adelte_fake_news.jpg","contentUrl":"https:\/\/www.adelte.com\/wp-content\/uploads\/2017\/10\/adelte_fake_news.jpg","width":624,"height":374},{"@type":"BreadcrumbList","@id":"https:\/\/www.adelte.com\/adelte-group-refutes-having-agreed-a-project-in-china-in-relation-to-the-signing-of-football-player-paulinho-bezerra\/#breadcrumb","itemListElement":[{"@type":"ListItem","position":1,"name":"Home","item":"https:\/\/www.adelte.com\/es\/"},{"@type":"ListItem","position":2,"name":"ADELTE Group desmiente haber concertado un proyecto en China en el marco del fichaje del jugador Paulinho Bezerra"}]},{"@type":"WebSite","@id":"https:\/\/www.adelte.com\/#website","url":"https:\/\/www.adelte.com\/","name":"ADELTE","description":"","publisher":{"@id":"https:\/\/www.adelte.com\/#organization"},"potentialAction":[{"@type":"SearchAction","target":{"@type":"EntryPoint","urlTemplate":"https:\/\/www.adelte.com\/?s={search_term_string}"},"query-input":{"@type":"PropertyValueSpecification","valueRequired":true,"valueName":"search_term_string"}}],"inLanguage":"es"},{"@type":"Organization","@id":"https:\/\/www.adelte.com\/#organization","name":"ADELTE","url":"https:\/\/www.adelte.com\/","logo":{"@type":"ImageObject","inLanguage":"es","@id":"https:\/\/www.adelte.com\/#\/schema\/logo\/image\/","url":"https:\/\/www.adelte.com\/wp-content\/uploads\/2019\/05\/logo-adelte-white.png","contentUrl":"https:\/\/www.adelte.com\/wp-content\/uploads\/2019\/05\/logo-adelte-white.png","width":251,"height":56,"caption":"ADELTE"},"image":{"@id":"https:\/\/www.adelte.com\/#\/schema\/logo\/image\/"}},{"@type":"Person","@id":"https:\/\/www.adelte.com\/#\/schema\/person\/e7c1478e7002901332b4ac58e1c40a6c","name":"adelte","image":{"@type":"ImageObject","inLanguage":"es","@id":"https:\/\/secure.gravatar.com\/avatar\/bdfa24da655565029b971ea6d2320596b413b3595cf09b49c914d8c5d9098b55","url":"https:\/\/secure.gravatar.com\/avatar\/bdfa24da655565029b971ea6d2320596b413b3595cf09b49c914d8c5d9098b55","contentUrl":"https:\/\/secure.gravatar.com\/avatar\/bdfa24da655565029b971ea6d2320596b413b3595cf09b49c914d8c5d9098b55","caption":"adelte"}}]}},"_links":{"self":[{"href":"https:\/\/www.adelte.com\/es\/wp-json\/wp\/v2\/posts\/9061","targetHints":{"allow":["GET"]}}],"collection":[{"href":"https:\/\/www.adelte.com\/es\/wp-json\/wp\/v2\/posts"}],"about":[{"href":"https:\/\/www.adelte.com\/es\/wp-json\/wp\/v2\/types\/post"}],"author":[{"embeddable":true,"href":"https:\/\/www.adelte.com\/es\/wp-json\/wp\/v2\/users\/3"}],"replies":[{"embeddable":true,"href":"https:\/\/www.adelte.com\/es\/wp-json\/wp\/v2\/comments?post=9061"}],"version-history":[{"count":1,"href":"https:\/\/www.adelte.com\/es\/wp-json\/wp\/v2\/posts\/9061\/revisions"}],"predecessor-version":[{"id":9084,"href":"https:\/\/www.adelte.com\/es\/wp-json\/wp\/v2\/posts\/9061\/revisions\/9084"}],"wp:featuredmedia":[{"embeddable":true,"href":"https:\/\/www.adelte.com\/es\/wp-json\/wp\/v2\/media\/9077"}],"wp:attachment":[{"href":"https:\/\/www.adelte.com\/es\/wp-json\/wp\/v2\/media?parent=9061"}],"wp:term":[{"taxonomy":"category","embeddable":true,"href":"https:\/\/www.adelte.com\/es\/wp-json\/wp\/v2\/categories?post=9061"},{"taxonomy":"post_tag","embeddable":true,"href":"https:\/\/www.adelte.com\/es\/wp-json\/wp\/v2\/tags?post=9061"}],"curies":[{"name":"wp","href":"https:\/\/api.w.org\/{rel}","templated":true}]}}