{"id":2761,"date":"2015-03-20T08:53:21","date_gmt":"2015-03-20T07:53:21","guid":{"rendered":"http:\/\/www.adelte.com\/?p=2761"},"modified":"2020-02-25T14:23:55","modified_gmt":"2020-02-25T13:23:55","slug":"adelte-suministrara-unidades-aire-pre-acondicionado-pcas-corea-sur-espana","status":"publish","type":"post","link":"https:\/\/www.adelte.com\/es\/adelte-suministrara-unidades-aire-pre-acondicionado-pcas-corea-sur-espana\/","title":{"rendered":"ADELTE suministrar\u00e1 62 nuevas unidades de aire pre-acondicionado (PCAs) en Corea del Sur y Espa\u00f1a"},"content":{"rendered":"<p><strong>Barcelona, 20 de Marzo de 2015<\/strong> \u2013 ADELTE recientemente consigui\u00f3 dos nuevos contratos para el dise\u00f1o, la fabricaci\u00f3n y la entrega de un total de <strong>62 innovadoras unidades de aire pre-acondicionado (PCA)<\/strong>: 42 se instalar\u00e1n en el Aeropuerto Internacional de Incheon y 20 m\u00e1s en el de Palma de Mallorca.<\/p>\n<p>Tras el lanzamiento en 2014 de una nueva versi\u00f3n de su gama de <strong>PCA ZEPHIR<\/strong>, mejorando el rendimiento de calefacci\u00f3n y refrigeraci\u00f3n del ambiente para las aeronaves estacionadas en cualquier situaci\u00f3n climatol\u00f3gica, ADELTE arranca 2015 introduciendo nuevos modelos de PCA que incluyen una <strong>tecnolog\u00eda Full INVERTER<\/strong> totalmente de vanguardia y dise\u00f1ados para proporcionar un flujo de aire \u00f3ptimo con un aumento de la eficiencia y una reducci\u00f3n del consumo energ\u00e9tico de hasta el 35%. <!--more--><\/p>\n<p>AENA encarg\u00f3 a ADELTE la producci\u00f3n e instalaci\u00f3n en <strong>Palma de Mallorca<\/strong> de <strong>20 PCAs<\/strong> con <strong>tecnolog\u00eda Inverter<\/strong>, montados en isleta y distribuidos en 10 unidades de 30Tn, 6 unidades de 40Tn y 4 unidades de 70Tn. Estos GSE se entregar\u00e1n en dos fases a partir de este verano, y asegurar\u00e1n una disminuci\u00f3n significativa de los costes de operaci\u00f3n, carga de refrigerante y emisiones de CO2, contribuyendo as\u00ed a mejorar la sostenibilidad del aeropuerto Mallorqu\u00edn.<\/p>\n<p><em>\u201cLa constante dedicaci\u00f3n a I+D+i es fundamental para proporcionar un mejor servicio y ofrecer las soluciones de asistencia a aeronaves m\u00e1s avanzadas a clientes de todo el mundo. Con esta innovadora tecnolog\u00eda Inverter, ADELTE est\u00e1 impulsando definitivamente el sector GSE al siguiente nivel y acelera el proceso hacia aeropuertos verdes.\u201d<\/em> comenta Jordi Floreta, Vice- presidente y Director Comercial de ADELTE.<\/p>\n<p>ADELTE tambi\u00e9n ha sido adjudicado con un contrato por el <strong>Aeropuerto Internacional de Incheon<\/strong> para el suministro de <strong>42 PCAs<\/strong>. Ser\u00e1n 27 unidades de 100Tn, 13 unidades de 45Tn y 2 unidades de 60Tn y su entrega est\u00e1 programada durante la segunda mitad de 2016 para la fase III de la ampliaci\u00f3n del aeropuerto. Aire de alta calidad, refrigerante respetuoso con el medio ambiente, control por PLC, durabilidad y f\u00e1cil mantenimiento se encuentran entre las muchas ventajas de los nuevos GSE adquiridos por Corea del Sur.<\/p>\n<p>La gama de PCAs ZEPHIR incluye 7 modelos: PCA 25, PCA 35, PCA 45, PCA 60, PCA 75, PCA 90 y PCA 100. La gama de PCAs ZEPHIR Inverter incluye 3 modelos: PCA-Inv 30, PCA-Inv 40 yPCA-Inv 70.<\/p>\n","protected":false},"excerpt":{"rendered":"<p>Barcelona, 20 de Marzo de 2015 \u2013 ADELTE recientemente consigui\u00f3 dos nuevos contratos para el dise\u00f1o, la fabricaci\u00f3n y la entrega de un total de 62 innovadoras unidades de aire pre-acondicionado (PCA): 42 se instalar\u00e1n en el Aeropuerto Internacional de&hellip;<\/p>\n","protected":false},"author":3,"featured_media":13549,"comment_status":"open","ping_status":"open","sticky":false,"template":"","format":"standard","meta":{"_acf_changed":false,"footnotes":""},"categories":[71,72],"tags":[],"class_list":["post-2761","post","type-post","status-publish","format-standard","has-post-thumbnail","hentry","category-grupo-adelte-es","category-aeropuertos","entry","has-media"],"acf":[],"yoast_head":"<!-- This site is optimized with the Yoast SEO plugin v27.3 - https:\/\/yoast.com\/product\/yoast-seo-wordpress\/ -->\n<title>ADELTE suministrar\u00e1 62 nuevas unidades de aire pre-acondicionado (PCAs) en Corea del Sur y Espa\u00f1a<\/title>\n<meta name=\"robots\" content=\"index, follow, max-snippet:-1, max-image-preview:large, max-video-preview:-1\" \/>\n<link rel=\"canonical\" href=\"https:\/\/www.adelte.com\/adelte-pre-conditioned-air-units-pca-south-korea-spain\/\" \/>\n<meta property=\"og:locale\" content=\"es_ES\" \/>\n<meta property=\"og:type\" content=\"article\" \/>\n<meta property=\"og:title\" content=\"ADELTE suministrar\u00e1 62 nuevas unidades de aire pre-acondicionado (PCAs) en Corea del Sur y Espa\u00f1a\" \/>\n<meta property=\"og:description\" content=\"Barcelona, 20 de Marzo de 2015 \u2013 ADELTE recientemente consigui\u00f3 dos nuevos contratos para el dise\u00f1o, la fabricaci\u00f3n y la entrega de un total de 62 innovadoras unidades de aire pre-acondicionado (PCA): 42 se instalar\u00e1n en el Aeropuerto Internacional de&hellip;\" \/>\n<meta property=\"og:url\" content=\"https:\/\/www.adelte.com\/adelte-pre-conditioned-air-units-pca-south-korea-spain\/\" \/>\n<meta property=\"og:site_name\" content=\"ADELTE\" \/>\n<meta property=\"article:published_time\" content=\"2015-03-20T07:53:21+00:00\" \/>\n<meta property=\"article:modified_time\" content=\"2020-02-25T13:23:55+00:00\" \/>\n<meta property=\"og:image\" content=\"https:\/\/www.adelte.com\/wp-content\/uploads\/2015\/03\/preconditioned_air_units_airports_pca_adelte.jpg\" \/>\n\t<meta property=\"og:image:width\" content=\"2258\" \/>\n\t<meta property=\"og:image:height\" content=\"1028\" \/>\n\t<meta property=\"og:image:type\" content=\"image\/jpeg\" \/>\n<meta name=\"author\" content=\"adelte\" \/>\n<meta name=\"twitter:card\" content=\"summary_large_image\" \/>\n<meta name=\"twitter:label1\" content=\"Escrito por\" \/>\n\t<meta name=\"twitter:data1\" content=\"adelte\" \/>\n\t<meta name=\"twitter:label2\" content=\"Tiempo de lectura\" \/>\n\t<meta name=\"twitter:data2\" content=\"2 minutos\" \/>\n<script type=\"application\/ld+json\" class=\"yoast-schema-graph\">{\"@context\":\"https:\\\/\\\/schema.org\",\"@graph\":[{\"@type\":\"Article\",\"@id\":\"https:\\\/\\\/www.adelte.com\\\/adelte-pre-conditioned-air-units-pca-south-korea-spain\\\/#article\",\"isPartOf\":{\"@id\":\"https:\\\/\\\/www.adelte.com\\\/adelte-pre-conditioned-air-units-pca-south-korea-spain\\\/\"},\"author\":{\"name\":\"adelte\",\"@id\":\"https:\\\/\\\/www.adelte.com\\\/#\\\/schema\\\/person\\\/e7c1478e7002901332b4ac58e1c40a6c\"},\"headline\":\"ADELTE suministrar\u00e1 62 nuevas unidades de aire pre-acondicionado (PCAs) en Corea del Sur y Espa\u00f1a\",\"datePublished\":\"2015-03-20T07:53:21+00:00\",\"dateModified\":\"2020-02-25T13:23:55+00:00\",\"mainEntityOfPage\":{\"@id\":\"https:\\\/\\\/www.adelte.com\\\/adelte-pre-conditioned-air-units-pca-south-korea-spain\\\/\"},\"wordCount\":398,\"commentCount\":0,\"publisher\":{\"@id\":\"https:\\\/\\\/www.adelte.com\\\/#organization\"},\"image\":{\"@id\":\"https:\\\/\\\/www.adelte.com\\\/adelte-pre-conditioned-air-units-pca-south-korea-spain\\\/#primaryimage\"},\"thumbnailUrl\":\"https:\\\/\\\/www.adelte.com\\\/wp-content\\\/uploads\\\/2015\\\/03\\\/preconditioned_air_units_airports_pca_adelte.jpg\",\"articleSection\":[\"ADELTE Group\",\"Aeropuertos\"],\"inLanguage\":\"es\",\"potentialAction\":[{\"@type\":\"CommentAction\",\"name\":\"Comment\",\"target\":[\"https:\\\/\\\/www.adelte.com\\\/adelte-pre-conditioned-air-units-pca-south-korea-spain\\\/#respond\"]}]},{\"@type\":\"WebPage\",\"@id\":\"https:\\\/\\\/www.adelte.com\\\/adelte-pre-conditioned-air-units-pca-south-korea-spain\\\/\",\"url\":\"https:\\\/\\\/www.adelte.com\\\/adelte-pre-conditioned-air-units-pca-south-korea-spain\\\/\",\"name\":\"ADELTE suministrar\u00e1 62 nuevas unidades de aire pre-acondicionado (PCAs) en Corea del Sur y Espa\u00f1a\",\"isPartOf\":{\"@id\":\"https:\\\/\\\/www.adelte.com\\\/#website\"},\"primaryImageOfPage\":{\"@id\":\"https:\\\/\\\/www.adelte.com\\\/adelte-pre-conditioned-air-units-pca-south-korea-spain\\\/#primaryimage\"},\"image\":{\"@id\":\"https:\\\/\\\/www.adelte.com\\\/adelte-pre-conditioned-air-units-pca-south-korea-spain\\\/#primaryimage\"},\"thumbnailUrl\":\"https:\\\/\\\/www.adelte.com\\\/wp-content\\\/uploads\\\/2015\\\/03\\\/preconditioned_air_units_airports_pca_adelte.jpg\",\"datePublished\":\"2015-03-20T07:53:21+00:00\",\"dateModified\":\"2020-02-25T13:23:55+00:00\",\"breadcrumb\":{\"@id\":\"https:\\\/\\\/www.adelte.com\\\/adelte-pre-conditioned-air-units-pca-south-korea-spain\\\/#breadcrumb\"},\"inLanguage\":\"es\",\"potentialAction\":[{\"@type\":\"ReadAction\",\"target\":[\"https:\\\/\\\/www.adelte.com\\\/adelte-pre-conditioned-air-units-pca-south-korea-spain\\\/\"]}]},{\"@type\":\"ImageObject\",\"inLanguage\":\"es\",\"@id\":\"https:\\\/\\\/www.adelte.com\\\/adelte-pre-conditioned-air-units-pca-south-korea-spain\\\/#primaryimage\",\"url\":\"https:\\\/\\\/www.adelte.com\\\/wp-content\\\/uploads\\\/2015\\\/03\\\/preconditioned_air_units_airports_pca_adelte.jpg\",\"contentUrl\":\"https:\\\/\\\/www.adelte.com\\\/wp-content\\\/uploads\\\/2015\\\/03\\\/preconditioned_air_units_airports_pca_adelte.jpg\",\"width\":2258,\"height\":1028},{\"@type\":\"BreadcrumbList\",\"@id\":\"https:\\\/\\\/www.adelte.com\\\/adelte-pre-conditioned-air-units-pca-south-korea-spain\\\/#breadcrumb\",\"itemListElement\":[{\"@type\":\"ListItem\",\"position\":1,\"name\":\"Home\",\"item\":\"https:\\\/\\\/www.adelte.com\\\/es\\\/\"},{\"@type\":\"ListItem\",\"position\":2,\"name\":\"ADELTE suministrar\u00e1 62 nuevas unidades de aire pre-acondicionado (PCAs) en Corea del Sur y Espa\u00f1a\"}]},{\"@type\":\"WebSite\",\"@id\":\"https:\\\/\\\/www.adelte.com\\\/#website\",\"url\":\"https:\\\/\\\/www.adelte.com\\\/\",\"name\":\"ADELTE\",\"description\":\"\",\"publisher\":{\"@id\":\"https:\\\/\\\/www.adelte.com\\\/#organization\"},\"potentialAction\":[{\"@type\":\"SearchAction\",\"target\":{\"@type\":\"EntryPoint\",\"urlTemplate\":\"https:\\\/\\\/www.adelte.com\\\/?s={search_term_string}\"},\"query-input\":{\"@type\":\"PropertyValueSpecification\",\"valueRequired\":true,\"valueName\":\"search_term_string\"}}],\"inLanguage\":\"es\"},{\"@type\":\"Organization\",\"@id\":\"https:\\\/\\\/www.adelte.com\\\/#organization\",\"name\":\"ADELTE\",\"url\":\"https:\\\/\\\/www.adelte.com\\\/\",\"logo\":{\"@type\":\"ImageObject\",\"inLanguage\":\"es\",\"@id\":\"https:\\\/\\\/www.adelte.com\\\/#\\\/schema\\\/logo\\\/image\\\/\",\"url\":\"https:\\\/\\\/www.adelte.com\\\/wp-content\\\/uploads\\\/2019\\\/05\\\/logo-adelte-white.png\",\"contentUrl\":\"https:\\\/\\\/www.adelte.com\\\/wp-content\\\/uploads\\\/2019\\\/05\\\/logo-adelte-white.png\",\"width\":251,\"height\":56,\"caption\":\"ADELTE\"},\"image\":{\"@id\":\"https:\\\/\\\/www.adelte.com\\\/#\\\/schema\\\/logo\\\/image\\\/\"}},{\"@type\":\"Person\",\"@id\":\"https:\\\/\\\/www.adelte.com\\\/#\\\/schema\\\/person\\\/e7c1478e7002901332b4ac58e1c40a6c\",\"name\":\"adelte\",\"image\":{\"@type\":\"ImageObject\",\"inLanguage\":\"es\",\"@id\":\"https:\\\/\\\/secure.gravatar.com\\\/avatar\\\/bdfa24da655565029b971ea6d2320596b413b3595cf09b49c914d8c5d9098b55\",\"url\":\"https:\\\/\\\/secure.gravatar.com\\\/avatar\\\/bdfa24da655565029b971ea6d2320596b413b3595cf09b49c914d8c5d9098b55\",\"contentUrl\":\"https:\\\/\\\/secure.gravatar.com\\\/avatar\\\/bdfa24da655565029b971ea6d2320596b413b3595cf09b49c914d8c5d9098b55\",\"caption\":\"adelte\"}}]}<\/script>\n<!-- \/ Yoast SEO plugin. -->","yoast_head_json":{"title":"ADELTE suministrar\u00e1 62 nuevas unidades de aire pre-acondicionado (PCAs) en Corea del Sur y Espa\u00f1a","robots":{"index":"index","follow":"follow","max-snippet":"max-snippet:-1","max-image-preview":"max-image-preview:large","max-video-preview":"max-video-preview:-1"},"canonical":"https:\/\/www.adelte.com\/adelte-pre-conditioned-air-units-pca-south-korea-spain\/","og_locale":"es_ES","og_type":"article","og_title":"ADELTE suministrar\u00e1 62 nuevas unidades de aire pre-acondicionado (PCAs) en Corea del Sur y Espa\u00f1a","og_description":"Barcelona, 20 de Marzo de 2015 \u2013 ADELTE recientemente consigui\u00f3 dos nuevos contratos para el dise\u00f1o, la fabricaci\u00f3n y la entrega de un total de 62 innovadoras unidades de aire pre-acondicionado (PCA): 42 se instalar\u00e1n en el Aeropuerto Internacional de&hellip;","og_url":"https:\/\/www.adelte.com\/adelte-pre-conditioned-air-units-pca-south-korea-spain\/","og_site_name":"ADELTE","article_published_time":"2015-03-20T07:53:21+00:00","article_modified_time":"2020-02-25T13:23:55+00:00","og_image":[{"width":2258,"height":1028,"url":"https:\/\/www.adelte.com\/wp-content\/uploads\/2015\/03\/preconditioned_air_units_airports_pca_adelte.jpg","type":"image\/jpeg"}],"author":"adelte","twitter_card":"summary_large_image","twitter_misc":{"Escrito por":"adelte","Tiempo de lectura":"2 minutos"},"schema":{"@context":"https:\/\/schema.org","@graph":[{"@type":"Article","@id":"https:\/\/www.adelte.com\/adelte-pre-conditioned-air-units-pca-south-korea-spain\/#article","isPartOf":{"@id":"https:\/\/www.adelte.com\/adelte-pre-conditioned-air-units-pca-south-korea-spain\/"},"author":{"name":"adelte","@id":"https:\/\/www.adelte.com\/#\/schema\/person\/e7c1478e7002901332b4ac58e1c40a6c"},"headline":"ADELTE suministrar\u00e1 62 nuevas unidades de aire pre-acondicionado (PCAs) en Corea del Sur y Espa\u00f1a","datePublished":"2015-03-20T07:53:21+00:00","dateModified":"2020-02-25T13:23:55+00:00","mainEntityOfPage":{"@id":"https:\/\/www.adelte.com\/adelte-pre-conditioned-air-units-pca-south-korea-spain\/"},"wordCount":398,"commentCount":0,"publisher":{"@id":"https:\/\/www.adelte.com\/#organization"},"image":{"@id":"https:\/\/www.adelte.com\/adelte-pre-conditioned-air-units-pca-south-korea-spain\/#primaryimage"},"thumbnailUrl":"https:\/\/www.adelte.com\/wp-content\/uploads\/2015\/03\/preconditioned_air_units_airports_pca_adelte.jpg","articleSection":["ADELTE Group","Aeropuertos"],"inLanguage":"es","potentialAction":[{"@type":"CommentAction","name":"Comment","target":["https:\/\/www.adelte.com\/adelte-pre-conditioned-air-units-pca-south-korea-spain\/#respond"]}]},{"@type":"WebPage","@id":"https:\/\/www.adelte.com\/adelte-pre-conditioned-air-units-pca-south-korea-spain\/","url":"https:\/\/www.adelte.com\/adelte-pre-conditioned-air-units-pca-south-korea-spain\/","name":"ADELTE suministrar\u00e1 62 nuevas unidades de aire pre-acondicionado (PCAs) en Corea del Sur y Espa\u00f1a","isPartOf":{"@id":"https:\/\/www.adelte.com\/#website"},"primaryImageOfPage":{"@id":"https:\/\/www.adelte.com\/adelte-pre-conditioned-air-units-pca-south-korea-spain\/#primaryimage"},"image":{"@id":"https:\/\/www.adelte.com\/adelte-pre-conditioned-air-units-pca-south-korea-spain\/#primaryimage"},"thumbnailUrl":"https:\/\/www.adelte.com\/wp-content\/uploads\/2015\/03\/preconditioned_air_units_airports_pca_adelte.jpg","datePublished":"2015-03-20T07:53:21+00:00","dateModified":"2020-02-25T13:23:55+00:00","breadcrumb":{"@id":"https:\/\/www.adelte.com\/adelte-pre-conditioned-air-units-pca-south-korea-spain\/#breadcrumb"},"inLanguage":"es","potentialAction":[{"@type":"ReadAction","target":["https:\/\/www.adelte.com\/adelte-pre-conditioned-air-units-pca-south-korea-spain\/"]}]},{"@type":"ImageObject","inLanguage":"es","@id":"https:\/\/www.adelte.com\/adelte-pre-conditioned-air-units-pca-south-korea-spain\/#primaryimage","url":"https:\/\/www.adelte.com\/wp-content\/uploads\/2015\/03\/preconditioned_air_units_airports_pca_adelte.jpg","contentUrl":"https:\/\/www.adelte.com\/wp-content\/uploads\/2015\/03\/preconditioned_air_units_airports_pca_adelte.jpg","width":2258,"height":1028},{"@type":"BreadcrumbList","@id":"https:\/\/www.adelte.com\/adelte-pre-conditioned-air-units-pca-south-korea-spain\/#breadcrumb","itemListElement":[{"@type":"ListItem","position":1,"name":"Home","item":"https:\/\/www.adelte.com\/es\/"},{"@type":"ListItem","position":2,"name":"ADELTE suministrar\u00e1 62 nuevas unidades de aire pre-acondicionado (PCAs) en Corea del Sur y Espa\u00f1a"}]},{"@type":"WebSite","@id":"https:\/\/www.adelte.com\/#website","url":"https:\/\/www.adelte.com\/","name":"ADELTE","description":"","publisher":{"@id":"https:\/\/www.adelte.com\/#organization"},"potentialAction":[{"@type":"SearchAction","target":{"@type":"EntryPoint","urlTemplate":"https:\/\/www.adelte.com\/?s={search_term_string}"},"query-input":{"@type":"PropertyValueSpecification","valueRequired":true,"valueName":"search_term_string"}}],"inLanguage":"es"},{"@type":"Organization","@id":"https:\/\/www.adelte.com\/#organization","name":"ADELTE","url":"https:\/\/www.adelte.com\/","logo":{"@type":"ImageObject","inLanguage":"es","@id":"https:\/\/www.adelte.com\/#\/schema\/logo\/image\/","url":"https:\/\/www.adelte.com\/wp-content\/uploads\/2019\/05\/logo-adelte-white.png","contentUrl":"https:\/\/www.adelte.com\/wp-content\/uploads\/2019\/05\/logo-adelte-white.png","width":251,"height":56,"caption":"ADELTE"},"image":{"@id":"https:\/\/www.adelte.com\/#\/schema\/logo\/image\/"}},{"@type":"Person","@id":"https:\/\/www.adelte.com\/#\/schema\/person\/e7c1478e7002901332b4ac58e1c40a6c","name":"adelte","image":{"@type":"ImageObject","inLanguage":"es","@id":"https:\/\/secure.gravatar.com\/avatar\/bdfa24da655565029b971ea6d2320596b413b3595cf09b49c914d8c5d9098b55","url":"https:\/\/secure.gravatar.com\/avatar\/bdfa24da655565029b971ea6d2320596b413b3595cf09b49c914d8c5d9098b55","contentUrl":"https:\/\/secure.gravatar.com\/avatar\/bdfa24da655565029b971ea6d2320596b413b3595cf09b49c914d8c5d9098b55","caption":"adelte"}}]}},"_links":{"self":[{"href":"https:\/\/www.adelte.com\/es\/wp-json\/wp\/v2\/posts\/2761","targetHints":{"allow":["GET"]}}],"collection":[{"href":"https:\/\/www.adelte.com\/es\/wp-json\/wp\/v2\/posts"}],"about":[{"href":"https:\/\/www.adelte.com\/es\/wp-json\/wp\/v2\/types\/post"}],"author":[{"embeddable":true,"href":"https:\/\/www.adelte.com\/es\/wp-json\/wp\/v2\/users\/3"}],"replies":[{"embeddable":true,"href":"https:\/\/www.adelte.com\/es\/wp-json\/wp\/v2\/comments?post=2761"}],"version-history":[{"count":1,"href":"https:\/\/www.adelte.com\/es\/wp-json\/wp\/v2\/posts\/2761\/revisions"}],"predecessor-version":[{"id":9142,"href":"https:\/\/www.adelte.com\/es\/wp-json\/wp\/v2\/posts\/2761\/revisions\/9142"}],"wp:featuredmedia":[{"embeddable":true,"href":"https:\/\/www.adelte.com\/es\/wp-json\/wp\/v2\/media\/13549"}],"wp:attachment":[{"href":"https:\/\/www.adelte.com\/es\/wp-json\/wp\/v2\/media?parent=2761"}],"wp:term":[{"taxonomy":"category","embeddable":true,"href":"https:\/\/www.adelte.com\/es\/wp-json\/wp\/v2\/categories?post=2761"},{"taxonomy":"post_tag","embeddable":true,"href":"https:\/\/www.adelte.com\/es\/wp-json\/wp\/v2\/tags?post=2761"}],"curies":[{"name":"wp","href":"https:\/\/api.w.org\/{rel}","templated":true}]}}