{"id":18874,"date":"2025-05-30T11:11:33","date_gmt":"2025-05-30T10:11:33","guid":{"rendered":"https:\/\/www.adelte.com\/?p=18874"},"modified":"2025-05-30T11:11:33","modified_gmt":"2025-05-30T10:11:33","slug":"adelte-logra-nuevas-metas-en-sostenibilidad-ambiental-en-2024","status":"publish","type":"post","link":"https:\/\/www.adelte.com\/es\/adelte-logra-nuevas-metas-en-sostenibilidad-ambiental-en-2024\/","title":{"rendered":"ADELTE logra nuevas metas en sostenibilidad ambiental en 2024"},"content":{"rendered":"<p>En el grupo ADELTE, estamos firmemente comprometidos con el cuidado del medio ambiente, entendiendo la sostenibilidad como una parte esencial de la forma en que hacemos negocios. Este compromiso no solo responde a nuestra responsabilidad con el entorno, sino que tambi\u00e9n se refleja en nuestras decisiones diarias, buscando siempre minimizar el impacto ambiental de nuestras operaciones. Para nosotros, trabajar de manera sostenible es una forma de garantizar servicios de calidad que respeten y protejan el planeta, pensando tanto en nuestros clientes como en las futuras generaciones.<\/p>\n<p>Nuestra principal prioridad en materia ambiental es proteger activamente el entorno natural, trabajando para minimizar cualquier impacto negativo derivado de nuestra actividad. Orientamos nuestras acciones a la prevenci\u00f3n de derrames, al uso responsable y eficiente de los recursos naturales junto con una gesti\u00f3n integral de los residuos, que incluye su reducci\u00f3n, correcta separaci\u00f3n y tratamiento y fomentando la reutilizaci\u00f3n y reciclaje. Cada paso que damos busca no solo cumplir con las normativas, sino tambi\u00e9n contribuir de forma real al cuidado del planeta.<\/p>\n<p>Como establece nuestro certificado de gesti\u00f3n ambiental\u00a0ISO 14001, el grupo ADELTE se ha comprometido con el desarrollo sostenible en todas sus \u00e1reas de negocio, realizando anualmente una evaluaci\u00f3n del desempe\u00f1o ambiental, donde se establecen medidas para controlar los aspectos ambientales de las actividades que generamos. Algunas de estas medidas se convierten en objetivos medioambientales.<\/p>\n<p>En el per\u00edodo 2024 se planific\u00f3 como objetivo ambiental\u00a0<strong>reducir un 5% el consumo el\u00e9ctrico en oficinas, para ello se realizaron diversas acciones, entre ellas la sensibilizaci\u00f3n y control trimestral de consumo consigui\u00e9ndose una reducci\u00f3n del 6% del consumo.<\/strong><\/p>\n<p><strong>\u00ab\u00a1Gracias por ser parte del cambio! Vuestro compromiso con el respeto y la protecci\u00f3n del medio ambiente nos inspira cada d\u00eda a seguir construyendo un futuro m\u00e1s sostenible, juntos.\u00bb<\/strong><\/p>\n<p>&nbsp;<\/p>\n","protected":false},"excerpt":{"rendered":"<p>En el grupo ADELTE, estamos firmemente comprometidos con el cuidado del medio ambiente, entendiendo la sostenibilidad como una parte esencial de la forma en que hacemos negocios. Este compromiso no solo responde a nuestra responsabilidad con el entorno, sino que&hellip;<\/p>\n","protected":false},"author":3,"featured_media":17593,"comment_status":"open","ping_status":"open","sticky":false,"template":"","format":"standard","meta":{"_acf_changed":false,"footnotes":""},"categories":[71],"tags":[],"class_list":["post-18874","post","type-post","status-publish","format-standard","has-post-thumbnail","hentry","category-grupo-adelte-es","entry","has-media"],"acf":[],"yoast_head":"<!-- This site is optimized with the Yoast SEO plugin v27.3 - https:\/\/yoast.com\/product\/yoast-seo-wordpress\/ -->\n<title>ADELTE logra nuevas metas en sostenibilidad ambiental en 2024<\/title>\n<meta name=\"robots\" content=\"index, follow, max-snippet:-1, max-image-preview:large, max-video-preview:-1\" \/>\n<link rel=\"canonical\" href=\"https:\/\/www.adelte.com\/es\/adelte-logra-nuevas-metas-en-sostenibilidad-ambiental-en-2024\/\" \/>\n<meta property=\"og:locale\" content=\"es_ES\" \/>\n<meta property=\"og:type\" content=\"article\" \/>\n<meta property=\"og:title\" content=\"ADELTE logra nuevas metas en sostenibilidad ambiental en 2024\" \/>\n<meta property=\"og:description\" content=\"En el grupo ADELTE, estamos firmemente comprometidos con el cuidado del medio ambiente, entendiendo la sostenibilidad como una parte esencial de la forma en que hacemos negocios. Este compromiso no solo responde a nuestra responsabilidad con el entorno, sino que&hellip;\" \/>\n<meta property=\"og:url\" content=\"https:\/\/www.adelte.com\/es\/adelte-logra-nuevas-metas-en-sostenibilidad-ambiental-en-2024\/\" \/>\n<meta property=\"og:site_name\" content=\"ADELTE\" \/>\n<meta property=\"article:published_time\" content=\"2025-05-30T10:11:33+00:00\" \/>\n<meta property=\"og:image\" content=\"https:\/\/www.adelte.com\/wp-content\/uploads\/2022\/04\/medio-ambiente-adelte.jpg\" \/>\n\t<meta property=\"og:image:width\" content=\"1500\" \/>\n\t<meta property=\"og:image:height\" content=\"852\" \/>\n\t<meta property=\"og:image:type\" content=\"image\/jpeg\" \/>\n<meta name=\"author\" content=\"adelte\" \/>\n<meta name=\"twitter:card\" content=\"summary_large_image\" \/>\n<meta name=\"twitter:label1\" content=\"Escrito por\" \/>\n\t<meta name=\"twitter:data1\" content=\"adelte\" \/>\n\t<meta name=\"twitter:label2\" content=\"Tiempo de lectura\" \/>\n\t<meta name=\"twitter:data2\" content=\"2 minutos\" \/>\n<script type=\"application\/ld+json\" class=\"yoast-schema-graph\">{\"@context\":\"https:\\\/\\\/schema.org\",\"@graph\":[{\"@type\":\"Article\",\"@id\":\"https:\\\/\\\/www.adelte.com\\\/es\\\/adelte-logra-nuevas-metas-en-sostenibilidad-ambiental-en-2024\\\/#article\",\"isPartOf\":{\"@id\":\"https:\\\/\\\/www.adelte.com\\\/es\\\/adelte-logra-nuevas-metas-en-sostenibilidad-ambiental-en-2024\\\/\"},\"author\":{\"name\":\"adelte\",\"@id\":\"https:\\\/\\\/www.adelte.com\\\/#\\\/schema\\\/person\\\/e7c1478e7002901332b4ac58e1c40a6c\"},\"headline\":\"ADELTE logra nuevas metas en sostenibilidad ambiental en 2024\",\"datePublished\":\"2025-05-30T10:11:33+00:00\",\"mainEntityOfPage\":{\"@id\":\"https:\\\/\\\/www.adelte.com\\\/es\\\/adelte-logra-nuevas-metas-en-sostenibilidad-ambiental-en-2024\\\/\"},\"wordCount\":314,\"commentCount\":0,\"publisher\":{\"@id\":\"https:\\\/\\\/www.adelte.com\\\/#organization\"},\"image\":{\"@id\":\"https:\\\/\\\/www.adelte.com\\\/es\\\/adelte-logra-nuevas-metas-en-sostenibilidad-ambiental-en-2024\\\/#primaryimage\"},\"thumbnailUrl\":\"https:\\\/\\\/www.adelte.com\\\/wp-content\\\/uploads\\\/2022\\\/04\\\/medio-ambiente-adelte.jpg\",\"articleSection\":[\"ADELTE Group\"],\"inLanguage\":\"es\",\"potentialAction\":[{\"@type\":\"CommentAction\",\"name\":\"Comment\",\"target\":[\"https:\\\/\\\/www.adelte.com\\\/es\\\/adelte-logra-nuevas-metas-en-sostenibilidad-ambiental-en-2024\\\/#respond\"]}]},{\"@type\":\"WebPage\",\"@id\":\"https:\\\/\\\/www.adelte.com\\\/es\\\/adelte-logra-nuevas-metas-en-sostenibilidad-ambiental-en-2024\\\/\",\"url\":\"https:\\\/\\\/www.adelte.com\\\/es\\\/adelte-logra-nuevas-metas-en-sostenibilidad-ambiental-en-2024\\\/\",\"name\":\"ADELTE logra nuevas metas en sostenibilidad ambiental en 2024\",\"isPartOf\":{\"@id\":\"https:\\\/\\\/www.adelte.com\\\/#website\"},\"primaryImageOfPage\":{\"@id\":\"https:\\\/\\\/www.adelte.com\\\/es\\\/adelte-logra-nuevas-metas-en-sostenibilidad-ambiental-en-2024\\\/#primaryimage\"},\"image\":{\"@id\":\"https:\\\/\\\/www.adelte.com\\\/es\\\/adelte-logra-nuevas-metas-en-sostenibilidad-ambiental-en-2024\\\/#primaryimage\"},\"thumbnailUrl\":\"https:\\\/\\\/www.adelte.com\\\/wp-content\\\/uploads\\\/2022\\\/04\\\/medio-ambiente-adelte.jpg\",\"datePublished\":\"2025-05-30T10:11:33+00:00\",\"breadcrumb\":{\"@id\":\"https:\\\/\\\/www.adelte.com\\\/es\\\/adelte-logra-nuevas-metas-en-sostenibilidad-ambiental-en-2024\\\/#breadcrumb\"},\"inLanguage\":\"es\",\"potentialAction\":[{\"@type\":\"ReadAction\",\"target\":[\"https:\\\/\\\/www.adelte.com\\\/es\\\/adelte-logra-nuevas-metas-en-sostenibilidad-ambiental-en-2024\\\/\"]}]},{\"@type\":\"ImageObject\",\"inLanguage\":\"es\",\"@id\":\"https:\\\/\\\/www.adelte.com\\\/es\\\/adelte-logra-nuevas-metas-en-sostenibilidad-ambiental-en-2024\\\/#primaryimage\",\"url\":\"https:\\\/\\\/www.adelte.com\\\/wp-content\\\/uploads\\\/2022\\\/04\\\/medio-ambiente-adelte.jpg\",\"contentUrl\":\"https:\\\/\\\/www.adelte.com\\\/wp-content\\\/uploads\\\/2022\\\/04\\\/medio-ambiente-adelte.jpg\",\"width\":1500,\"height\":852},{\"@type\":\"BreadcrumbList\",\"@id\":\"https:\\\/\\\/www.adelte.com\\\/es\\\/adelte-logra-nuevas-metas-en-sostenibilidad-ambiental-en-2024\\\/#breadcrumb\",\"itemListElement\":[{\"@type\":\"ListItem\",\"position\":1,\"name\":\"Home\",\"item\":\"https:\\\/\\\/www.adelte.com\\\/es\\\/\"},{\"@type\":\"ListItem\",\"position\":2,\"name\":\"ADELTE logra nuevas metas en sostenibilidad ambiental en 2024\"}]},{\"@type\":\"WebSite\",\"@id\":\"https:\\\/\\\/www.adelte.com\\\/#website\",\"url\":\"https:\\\/\\\/www.adelte.com\\\/\",\"name\":\"ADELTE\",\"description\":\"\",\"publisher\":{\"@id\":\"https:\\\/\\\/www.adelte.com\\\/#organization\"},\"potentialAction\":[{\"@type\":\"SearchAction\",\"target\":{\"@type\":\"EntryPoint\",\"urlTemplate\":\"https:\\\/\\\/www.adelte.com\\\/?s={search_term_string}\"},\"query-input\":{\"@type\":\"PropertyValueSpecification\",\"valueRequired\":true,\"valueName\":\"search_term_string\"}}],\"inLanguage\":\"es\"},{\"@type\":\"Organization\",\"@id\":\"https:\\\/\\\/www.adelte.com\\\/#organization\",\"name\":\"ADELTE\",\"url\":\"https:\\\/\\\/www.adelte.com\\\/\",\"logo\":{\"@type\":\"ImageObject\",\"inLanguage\":\"es\",\"@id\":\"https:\\\/\\\/www.adelte.com\\\/#\\\/schema\\\/logo\\\/image\\\/\",\"url\":\"https:\\\/\\\/www.adelte.com\\\/wp-content\\\/uploads\\\/2019\\\/05\\\/logo-adelte-white.png\",\"contentUrl\":\"https:\\\/\\\/www.adelte.com\\\/wp-content\\\/uploads\\\/2019\\\/05\\\/logo-adelte-white.png\",\"width\":251,\"height\":56,\"caption\":\"ADELTE\"},\"image\":{\"@id\":\"https:\\\/\\\/www.adelte.com\\\/#\\\/schema\\\/logo\\\/image\\\/\"}},{\"@type\":\"Person\",\"@id\":\"https:\\\/\\\/www.adelte.com\\\/#\\\/schema\\\/person\\\/e7c1478e7002901332b4ac58e1c40a6c\",\"name\":\"adelte\",\"image\":{\"@type\":\"ImageObject\",\"inLanguage\":\"es\",\"@id\":\"https:\\\/\\\/secure.gravatar.com\\\/avatar\\\/bdfa24da655565029b971ea6d2320596b413b3595cf09b49c914d8c5d9098b55\",\"url\":\"https:\\\/\\\/secure.gravatar.com\\\/avatar\\\/bdfa24da655565029b971ea6d2320596b413b3595cf09b49c914d8c5d9098b55\",\"contentUrl\":\"https:\\\/\\\/secure.gravatar.com\\\/avatar\\\/bdfa24da655565029b971ea6d2320596b413b3595cf09b49c914d8c5d9098b55\",\"caption\":\"adelte\"}}]}<\/script>\n<!-- \/ Yoast SEO plugin. -->","yoast_head_json":{"title":"ADELTE logra nuevas metas en sostenibilidad ambiental en 2024","robots":{"index":"index","follow":"follow","max-snippet":"max-snippet:-1","max-image-preview":"max-image-preview:large","max-video-preview":"max-video-preview:-1"},"canonical":"https:\/\/www.adelte.com\/es\/adelte-logra-nuevas-metas-en-sostenibilidad-ambiental-en-2024\/","og_locale":"es_ES","og_type":"article","og_title":"ADELTE logra nuevas metas en sostenibilidad ambiental en 2024","og_description":"En el grupo ADELTE, estamos firmemente comprometidos con el cuidado del medio ambiente, entendiendo la sostenibilidad como una parte esencial de la forma en que hacemos negocios. Este compromiso no solo responde a nuestra responsabilidad con el entorno, sino que&hellip;","og_url":"https:\/\/www.adelte.com\/es\/adelte-logra-nuevas-metas-en-sostenibilidad-ambiental-en-2024\/","og_site_name":"ADELTE","article_published_time":"2025-05-30T10:11:33+00:00","og_image":[{"width":1500,"height":852,"url":"https:\/\/www.adelte.com\/wp-content\/uploads\/2022\/04\/medio-ambiente-adelte.jpg","type":"image\/jpeg"}],"author":"adelte","twitter_card":"summary_large_image","twitter_misc":{"Escrito por":"adelte","Tiempo de lectura":"2 minutos"},"schema":{"@context":"https:\/\/schema.org","@graph":[{"@type":"Article","@id":"https:\/\/www.adelte.com\/es\/adelte-logra-nuevas-metas-en-sostenibilidad-ambiental-en-2024\/#article","isPartOf":{"@id":"https:\/\/www.adelte.com\/es\/adelte-logra-nuevas-metas-en-sostenibilidad-ambiental-en-2024\/"},"author":{"name":"adelte","@id":"https:\/\/www.adelte.com\/#\/schema\/person\/e7c1478e7002901332b4ac58e1c40a6c"},"headline":"ADELTE logra nuevas metas en sostenibilidad ambiental en 2024","datePublished":"2025-05-30T10:11:33+00:00","mainEntityOfPage":{"@id":"https:\/\/www.adelte.com\/es\/adelte-logra-nuevas-metas-en-sostenibilidad-ambiental-en-2024\/"},"wordCount":314,"commentCount":0,"publisher":{"@id":"https:\/\/www.adelte.com\/#organization"},"image":{"@id":"https:\/\/www.adelte.com\/es\/adelte-logra-nuevas-metas-en-sostenibilidad-ambiental-en-2024\/#primaryimage"},"thumbnailUrl":"https:\/\/www.adelte.com\/wp-content\/uploads\/2022\/04\/medio-ambiente-adelte.jpg","articleSection":["ADELTE Group"],"inLanguage":"es","potentialAction":[{"@type":"CommentAction","name":"Comment","target":["https:\/\/www.adelte.com\/es\/adelte-logra-nuevas-metas-en-sostenibilidad-ambiental-en-2024\/#respond"]}]},{"@type":"WebPage","@id":"https:\/\/www.adelte.com\/es\/adelte-logra-nuevas-metas-en-sostenibilidad-ambiental-en-2024\/","url":"https:\/\/www.adelte.com\/es\/adelte-logra-nuevas-metas-en-sostenibilidad-ambiental-en-2024\/","name":"ADELTE logra nuevas metas en sostenibilidad ambiental en 2024","isPartOf":{"@id":"https:\/\/www.adelte.com\/#website"},"primaryImageOfPage":{"@id":"https:\/\/www.adelte.com\/es\/adelte-logra-nuevas-metas-en-sostenibilidad-ambiental-en-2024\/#primaryimage"},"image":{"@id":"https:\/\/www.adelte.com\/es\/adelte-logra-nuevas-metas-en-sostenibilidad-ambiental-en-2024\/#primaryimage"},"thumbnailUrl":"https:\/\/www.adelte.com\/wp-content\/uploads\/2022\/04\/medio-ambiente-adelte.jpg","datePublished":"2025-05-30T10:11:33+00:00","breadcrumb":{"@id":"https:\/\/www.adelte.com\/es\/adelte-logra-nuevas-metas-en-sostenibilidad-ambiental-en-2024\/#breadcrumb"},"inLanguage":"es","potentialAction":[{"@type":"ReadAction","target":["https:\/\/www.adelte.com\/es\/adelte-logra-nuevas-metas-en-sostenibilidad-ambiental-en-2024\/"]}]},{"@type":"ImageObject","inLanguage":"es","@id":"https:\/\/www.adelte.com\/es\/adelte-logra-nuevas-metas-en-sostenibilidad-ambiental-en-2024\/#primaryimage","url":"https:\/\/www.adelte.com\/wp-content\/uploads\/2022\/04\/medio-ambiente-adelte.jpg","contentUrl":"https:\/\/www.adelte.com\/wp-content\/uploads\/2022\/04\/medio-ambiente-adelte.jpg","width":1500,"height":852},{"@type":"BreadcrumbList","@id":"https:\/\/www.adelte.com\/es\/adelte-logra-nuevas-metas-en-sostenibilidad-ambiental-en-2024\/#breadcrumb","itemListElement":[{"@type":"ListItem","position":1,"name":"Home","item":"https:\/\/www.adelte.com\/es\/"},{"@type":"ListItem","position":2,"name":"ADELTE logra nuevas metas en sostenibilidad ambiental en 2024"}]},{"@type":"WebSite","@id":"https:\/\/www.adelte.com\/#website","url":"https:\/\/www.adelte.com\/","name":"ADELTE","description":"","publisher":{"@id":"https:\/\/www.adelte.com\/#organization"},"potentialAction":[{"@type":"SearchAction","target":{"@type":"EntryPoint","urlTemplate":"https:\/\/www.adelte.com\/?s={search_term_string}"},"query-input":{"@type":"PropertyValueSpecification","valueRequired":true,"valueName":"search_term_string"}}],"inLanguage":"es"},{"@type":"Organization","@id":"https:\/\/www.adelte.com\/#organization","name":"ADELTE","url":"https:\/\/www.adelte.com\/","logo":{"@type":"ImageObject","inLanguage":"es","@id":"https:\/\/www.adelte.com\/#\/schema\/logo\/image\/","url":"https:\/\/www.adelte.com\/wp-content\/uploads\/2019\/05\/logo-adelte-white.png","contentUrl":"https:\/\/www.adelte.com\/wp-content\/uploads\/2019\/05\/logo-adelte-white.png","width":251,"height":56,"caption":"ADELTE"},"image":{"@id":"https:\/\/www.adelte.com\/#\/schema\/logo\/image\/"}},{"@type":"Person","@id":"https:\/\/www.adelte.com\/#\/schema\/person\/e7c1478e7002901332b4ac58e1c40a6c","name":"adelte","image":{"@type":"ImageObject","inLanguage":"es","@id":"https:\/\/secure.gravatar.com\/avatar\/bdfa24da655565029b971ea6d2320596b413b3595cf09b49c914d8c5d9098b55","url":"https:\/\/secure.gravatar.com\/avatar\/bdfa24da655565029b971ea6d2320596b413b3595cf09b49c914d8c5d9098b55","contentUrl":"https:\/\/secure.gravatar.com\/avatar\/bdfa24da655565029b971ea6d2320596b413b3595cf09b49c914d8c5d9098b55","caption":"adelte"}}]}},"_links":{"self":[{"href":"https:\/\/www.adelte.com\/es\/wp-json\/wp\/v2\/posts\/18874","targetHints":{"allow":["GET"]}}],"collection":[{"href":"https:\/\/www.adelte.com\/es\/wp-json\/wp\/v2\/posts"}],"about":[{"href":"https:\/\/www.adelte.com\/es\/wp-json\/wp\/v2\/types\/post"}],"author":[{"embeddable":true,"href":"https:\/\/www.adelte.com\/es\/wp-json\/wp\/v2\/users\/3"}],"replies":[{"embeddable":true,"href":"https:\/\/www.adelte.com\/es\/wp-json\/wp\/v2\/comments?post=18874"}],"version-history":[{"count":1,"href":"https:\/\/www.adelte.com\/es\/wp-json\/wp\/v2\/posts\/18874\/revisions"}],"predecessor-version":[{"id":18875,"href":"https:\/\/www.adelte.com\/es\/wp-json\/wp\/v2\/posts\/18874\/revisions\/18875"}],"wp:featuredmedia":[{"embeddable":true,"href":"https:\/\/www.adelte.com\/es\/wp-json\/wp\/v2\/media\/17593"}],"wp:attachment":[{"href":"https:\/\/www.adelte.com\/es\/wp-json\/wp\/v2\/media?parent=18874"}],"wp:term":[{"taxonomy":"category","embeddable":true,"href":"https:\/\/www.adelte.com\/es\/wp-json\/wp\/v2\/categories?post=18874"},{"taxonomy":"post_tag","embeddable":true,"href":"https:\/\/www.adelte.com\/es\/wp-json\/wp\/v2\/tags?post=18874"}],"curies":[{"name":"wp","href":"https:\/\/api.w.org\/{rel}","templated":true}]}}