{"id":10464,"date":"2007-09-18T08:02:10","date_gmt":"2007-09-18T07:02:10","guid":{"rendered":"http:\/\/www.adelte.com\/nuevaweb\/?p=10464"},"modified":"2018-09-21T08:05:15","modified_gmt":"2018-09-21T07:05:15","slug":"renfe-contrata-a-efs-servicios-de-limpieza-de-dependencias-vehiculos-ferroviarios-y-servicios-auxiliares","status":"publish","type":"post","link":"https:\/\/www.adelte.com\/es\/renfe-contrata-a-efs-servicios-de-limpieza-de-dependencias-vehiculos-ferroviarios-y-servicios-auxiliares\/","title":{"rendered":"Renfe contrata a EFS, servicios de limpieza de dependencias, Veh\u00edculos ferroviarios y servicios auxiliares"},"content":{"rendered":"<p><strong>Barcelona, Espa\u00f1a, 18 de Septiembre de 2007\u00a0<\/strong>&#8211; EFS, empresa l\u00edder en\u00a0servicios de limpieza,\u00a0de informaci\u00f3n\u00a0y de acogida para el mercado del transporte de pasajeros ha sido contratado para la prestaci\u00f3n de servicios de limpieza de dependencias, veh\u00edculos ferroviarios y\u00a0servicios auxiliares\u00a0en el taller autopropulsado de Sant Andreu en Barcelona.<\/p>\n<p><span id=\"more-341\"><\/span>La prestaci\u00f3n de estos servicios comprende desde la limpieza de edificios, veh\u00edculos, locomotoras, naves, locales, limpieza de locomotoras, limpieza de cristales y de maquinar\u00eda hasta la carga y descarga de materiales, tambi\u00e9n incluye servicios auxiliares de mantenimiento como pueden ser engrase de veh\u00edculos y agujas, enganche y desenganche de locomotoras y colocaci\u00f3n de elementos de dotaci\u00f3n y sustituci\u00f3n de extintores en sus alojamientos en los veh\u00edculos entre otros.<\/p>\n","protected":false},"excerpt":{"rendered":"<p>Barcelona, Espa\u00f1a, 18 de Septiembre de 2007\u00a0&#8211; EFS, empresa l\u00edder en\u00a0servicios de limpieza,\u00a0de informaci\u00f3n\u00a0y de acogida para el mercado del transporte de pasajeros ha sido contratado para la prestaci\u00f3n de servicios de limpieza de dependencias, veh\u00edculos ferroviarios y\u00a0servicios auxiliares\u00a0en el&hellip;<\/p>\n","protected":false},"author":3,"featured_media":10465,"comment_status":"open","ping_status":"open","sticky":false,"template":"","format":"standard","meta":{"_acf_changed":false,"footnotes":""},"categories":[71,72,54],"tags":[],"class_list":["post-10464","post","type-post","status-publish","format-standard","has-post-thumbnail","hentry","category-grupo-adelte-es","category-aeropuertos","category-servicios-globales","entry","has-media"],"acf":[],"yoast_head":"<!-- This site is optimized with the Yoast SEO plugin v27.3 - https:\/\/yoast.com\/product\/yoast-seo-wordpress\/ -->\n<title>Renfe contrata a EFS, servicios de limpieza de dependencias, Veh\u00edculos ferroviarios y servicios auxiliares<\/title>\n<meta name=\"robots\" content=\"index, follow, max-snippet:-1, max-image-preview:large, max-video-preview:-1\" \/>\n<link rel=\"canonical\" href=\"https:\/\/www.adelte.com\/es\/renfe-contrata-a-efs-servicios-de-limpieza-de-dependencias-vehiculos-ferroviarios-y-servicios-auxiliares\/\" \/>\n<meta property=\"og:locale\" content=\"es_ES\" \/>\n<meta property=\"og:type\" content=\"article\" \/>\n<meta property=\"og:title\" content=\"Renfe contrata a EFS, servicios de limpieza de dependencias, Veh\u00edculos ferroviarios y servicios auxiliares\" \/>\n<meta property=\"og:description\" content=\"Barcelona, Espa\u00f1a, 18 de Septiembre de 2007\u00a0&#8211; EFS, empresa l\u00edder en\u00a0servicios de limpieza,\u00a0de informaci\u00f3n\u00a0y de acogida para el mercado del transporte de pasajeros ha sido contratado para la prestaci\u00f3n de servicios de limpieza de dependencias, veh\u00edculos ferroviarios y\u00a0servicios auxiliares\u00a0en el&hellip;\" \/>\n<meta property=\"og:url\" content=\"https:\/\/www.adelte.com\/es\/renfe-contrata-a-efs-servicios-de-limpieza-de-dependencias-vehiculos-ferroviarios-y-servicios-auxiliares\/\" \/>\n<meta property=\"og:site_name\" content=\"ADELTE\" \/>\n<meta property=\"article:published_time\" content=\"2007-09-18T07:02:10+00:00\" \/>\n<meta property=\"article:modified_time\" content=\"2018-09-21T07:05:15+00:00\" \/>\n<meta property=\"og:image\" content=\"https:\/\/www.adelte.com\/wp-content\/uploads\/2018\/09\/renfe_contrata_efs_mantenimiento.jpg\" \/>\n\t<meta property=\"og:image:width\" content=\"1986\" \/>\n\t<meta property=\"og:image:height\" content=\"940\" \/>\n\t<meta property=\"og:image:type\" content=\"image\/jpeg\" \/>\n<meta name=\"author\" content=\"adelte\" \/>\n<meta name=\"twitter:card\" content=\"summary_large_image\" \/>\n<meta name=\"twitter:label1\" content=\"Escrito por\" \/>\n\t<meta name=\"twitter:data1\" content=\"adelte\" \/>\n\t<meta name=\"twitter:label2\" content=\"Tiempo de lectura\" \/>\n\t<meta name=\"twitter:data2\" content=\"1 minuto\" \/>\n<script type=\"application\/ld+json\" class=\"yoast-schema-graph\">{\"@context\":\"https:\\\/\\\/schema.org\",\"@graph\":[{\"@type\":\"Article\",\"@id\":\"https:\\\/\\\/www.adelte.com\\\/es\\\/renfe-contrata-a-efs-servicios-de-limpieza-de-dependencias-vehiculos-ferroviarios-y-servicios-auxiliares\\\/#article\",\"isPartOf\":{\"@id\":\"https:\\\/\\\/www.adelte.com\\\/es\\\/renfe-contrata-a-efs-servicios-de-limpieza-de-dependencias-vehiculos-ferroviarios-y-servicios-auxiliares\\\/\"},\"author\":{\"name\":\"adelte\",\"@id\":\"https:\\\/\\\/www.adelte.com\\\/#\\\/schema\\\/person\\\/e7c1478e7002901332b4ac58e1c40a6c\"},\"headline\":\"Renfe contrata a EFS, servicios de limpieza de dependencias, Veh\u00edculos ferroviarios y servicios auxiliares\",\"datePublished\":\"2007-09-18T07:02:10+00:00\",\"dateModified\":\"2018-09-21T07:05:15+00:00\",\"mainEntityOfPage\":{\"@id\":\"https:\\\/\\\/www.adelte.com\\\/es\\\/renfe-contrata-a-efs-servicios-de-limpieza-de-dependencias-vehiculos-ferroviarios-y-servicios-auxiliares\\\/\"},\"wordCount\":148,\"commentCount\":0,\"publisher\":{\"@id\":\"https:\\\/\\\/www.adelte.com\\\/#organization\"},\"image\":{\"@id\":\"https:\\\/\\\/www.adelte.com\\\/es\\\/renfe-contrata-a-efs-servicios-de-limpieza-de-dependencias-vehiculos-ferroviarios-y-servicios-auxiliares\\\/#primaryimage\"},\"thumbnailUrl\":\"https:\\\/\\\/www.adelte.com\\\/wp-content\\\/uploads\\\/2018\\\/09\\\/renfe_contrata_efs_mantenimiento.jpg\",\"articleSection\":[\"ADELTE Group\",\"Aeropuertos\",\"Servicios Globales\"],\"inLanguage\":\"es\",\"potentialAction\":[{\"@type\":\"CommentAction\",\"name\":\"Comment\",\"target\":[\"https:\\\/\\\/www.adelte.com\\\/es\\\/renfe-contrata-a-efs-servicios-de-limpieza-de-dependencias-vehiculos-ferroviarios-y-servicios-auxiliares\\\/#respond\"]}]},{\"@type\":\"WebPage\",\"@id\":\"https:\\\/\\\/www.adelte.com\\\/es\\\/renfe-contrata-a-efs-servicios-de-limpieza-de-dependencias-vehiculos-ferroviarios-y-servicios-auxiliares\\\/\",\"url\":\"https:\\\/\\\/www.adelte.com\\\/es\\\/renfe-contrata-a-efs-servicios-de-limpieza-de-dependencias-vehiculos-ferroviarios-y-servicios-auxiliares\\\/\",\"name\":\"Renfe contrata a EFS, servicios de limpieza de dependencias, Veh\u00edculos ferroviarios y servicios auxiliares\",\"isPartOf\":{\"@id\":\"https:\\\/\\\/www.adelte.com\\\/#website\"},\"primaryImageOfPage\":{\"@id\":\"https:\\\/\\\/www.adelte.com\\\/es\\\/renfe-contrata-a-efs-servicios-de-limpieza-de-dependencias-vehiculos-ferroviarios-y-servicios-auxiliares\\\/#primaryimage\"},\"image\":{\"@id\":\"https:\\\/\\\/www.adelte.com\\\/es\\\/renfe-contrata-a-efs-servicios-de-limpieza-de-dependencias-vehiculos-ferroviarios-y-servicios-auxiliares\\\/#primaryimage\"},\"thumbnailUrl\":\"https:\\\/\\\/www.adelte.com\\\/wp-content\\\/uploads\\\/2018\\\/09\\\/renfe_contrata_efs_mantenimiento.jpg\",\"datePublished\":\"2007-09-18T07:02:10+00:00\",\"dateModified\":\"2018-09-21T07:05:15+00:00\",\"breadcrumb\":{\"@id\":\"https:\\\/\\\/www.adelte.com\\\/es\\\/renfe-contrata-a-efs-servicios-de-limpieza-de-dependencias-vehiculos-ferroviarios-y-servicios-auxiliares\\\/#breadcrumb\"},\"inLanguage\":\"es\",\"potentialAction\":[{\"@type\":\"ReadAction\",\"target\":[\"https:\\\/\\\/www.adelte.com\\\/es\\\/renfe-contrata-a-efs-servicios-de-limpieza-de-dependencias-vehiculos-ferroviarios-y-servicios-auxiliares\\\/\"]}]},{\"@type\":\"ImageObject\",\"inLanguage\":\"es\",\"@id\":\"https:\\\/\\\/www.adelte.com\\\/es\\\/renfe-contrata-a-efs-servicios-de-limpieza-de-dependencias-vehiculos-ferroviarios-y-servicios-auxiliares\\\/#primaryimage\",\"url\":\"https:\\\/\\\/www.adelte.com\\\/wp-content\\\/uploads\\\/2018\\\/09\\\/renfe_contrata_efs_mantenimiento.jpg\",\"contentUrl\":\"https:\\\/\\\/www.adelte.com\\\/wp-content\\\/uploads\\\/2018\\\/09\\\/renfe_contrata_efs_mantenimiento.jpg\",\"width\":1986,\"height\":940},{\"@type\":\"BreadcrumbList\",\"@id\":\"https:\\\/\\\/www.adelte.com\\\/es\\\/renfe-contrata-a-efs-servicios-de-limpieza-de-dependencias-vehiculos-ferroviarios-y-servicios-auxiliares\\\/#breadcrumb\",\"itemListElement\":[{\"@type\":\"ListItem\",\"position\":1,\"name\":\"Home\",\"item\":\"https:\\\/\\\/www.adelte.com\\\/es\\\/\"},{\"@type\":\"ListItem\",\"position\":2,\"name\":\"Renfe contrata a EFS, servicios de limpieza de dependencias, Veh\u00edculos ferroviarios y servicios auxiliares\"}]},{\"@type\":\"WebSite\",\"@id\":\"https:\\\/\\\/www.adelte.com\\\/#website\",\"url\":\"https:\\\/\\\/www.adelte.com\\\/\",\"name\":\"ADELTE\",\"description\":\"\",\"publisher\":{\"@id\":\"https:\\\/\\\/www.adelte.com\\\/#organization\"},\"potentialAction\":[{\"@type\":\"SearchAction\",\"target\":{\"@type\":\"EntryPoint\",\"urlTemplate\":\"https:\\\/\\\/www.adelte.com\\\/?s={search_term_string}\"},\"query-input\":{\"@type\":\"PropertyValueSpecification\",\"valueRequired\":true,\"valueName\":\"search_term_string\"}}],\"inLanguage\":\"es\"},{\"@type\":\"Organization\",\"@id\":\"https:\\\/\\\/www.adelte.com\\\/#organization\",\"name\":\"ADELTE\",\"url\":\"https:\\\/\\\/www.adelte.com\\\/\",\"logo\":{\"@type\":\"ImageObject\",\"inLanguage\":\"es\",\"@id\":\"https:\\\/\\\/www.adelte.com\\\/#\\\/schema\\\/logo\\\/image\\\/\",\"url\":\"https:\\\/\\\/www.adelte.com\\\/wp-content\\\/uploads\\\/2019\\\/05\\\/logo-adelte-white.png\",\"contentUrl\":\"https:\\\/\\\/www.adelte.com\\\/wp-content\\\/uploads\\\/2019\\\/05\\\/logo-adelte-white.png\",\"width\":251,\"height\":56,\"caption\":\"ADELTE\"},\"image\":{\"@id\":\"https:\\\/\\\/www.adelte.com\\\/#\\\/schema\\\/logo\\\/image\\\/\"}},{\"@type\":\"Person\",\"@id\":\"https:\\\/\\\/www.adelte.com\\\/#\\\/schema\\\/person\\\/e7c1478e7002901332b4ac58e1c40a6c\",\"name\":\"adelte\",\"image\":{\"@type\":\"ImageObject\",\"inLanguage\":\"es\",\"@id\":\"https:\\\/\\\/secure.gravatar.com\\\/avatar\\\/bdfa24da655565029b971ea6d2320596b413b3595cf09b49c914d8c5d9098b55\",\"url\":\"https:\\\/\\\/secure.gravatar.com\\\/avatar\\\/bdfa24da655565029b971ea6d2320596b413b3595cf09b49c914d8c5d9098b55\",\"contentUrl\":\"https:\\\/\\\/secure.gravatar.com\\\/avatar\\\/bdfa24da655565029b971ea6d2320596b413b3595cf09b49c914d8c5d9098b55\",\"caption\":\"adelte\"}}]}<\/script>\n<!-- \/ Yoast SEO plugin. -->","yoast_head_json":{"title":"Renfe contrata a EFS, servicios de limpieza de dependencias, Veh\u00edculos ferroviarios y servicios auxiliares","robots":{"index":"index","follow":"follow","max-snippet":"max-snippet:-1","max-image-preview":"max-image-preview:large","max-video-preview":"max-video-preview:-1"},"canonical":"https:\/\/www.adelte.com\/es\/renfe-contrata-a-efs-servicios-de-limpieza-de-dependencias-vehiculos-ferroviarios-y-servicios-auxiliares\/","og_locale":"es_ES","og_type":"article","og_title":"Renfe contrata a EFS, servicios de limpieza de dependencias, Veh\u00edculos ferroviarios y servicios auxiliares","og_description":"Barcelona, Espa\u00f1a, 18 de Septiembre de 2007\u00a0&#8211; EFS, empresa l\u00edder en\u00a0servicios de limpieza,\u00a0de informaci\u00f3n\u00a0y de acogida para el mercado del transporte de pasajeros ha sido contratado para la prestaci\u00f3n de servicios de limpieza de dependencias, veh\u00edculos ferroviarios y\u00a0servicios auxiliares\u00a0en el&hellip;","og_url":"https:\/\/www.adelte.com\/es\/renfe-contrata-a-efs-servicios-de-limpieza-de-dependencias-vehiculos-ferroviarios-y-servicios-auxiliares\/","og_site_name":"ADELTE","article_published_time":"2007-09-18T07:02:10+00:00","article_modified_time":"2018-09-21T07:05:15+00:00","og_image":[{"width":1986,"height":940,"url":"https:\/\/www.adelte.com\/wp-content\/uploads\/2018\/09\/renfe_contrata_efs_mantenimiento.jpg","type":"image\/jpeg"}],"author":"adelte","twitter_card":"summary_large_image","twitter_misc":{"Escrito por":"adelte","Tiempo de lectura":"1 minuto"},"schema":{"@context":"https:\/\/schema.org","@graph":[{"@type":"Article","@id":"https:\/\/www.adelte.com\/es\/renfe-contrata-a-efs-servicios-de-limpieza-de-dependencias-vehiculos-ferroviarios-y-servicios-auxiliares\/#article","isPartOf":{"@id":"https:\/\/www.adelte.com\/es\/renfe-contrata-a-efs-servicios-de-limpieza-de-dependencias-vehiculos-ferroviarios-y-servicios-auxiliares\/"},"author":{"name":"adelte","@id":"https:\/\/www.adelte.com\/#\/schema\/person\/e7c1478e7002901332b4ac58e1c40a6c"},"headline":"Renfe contrata a EFS, servicios de limpieza de dependencias, Veh\u00edculos ferroviarios y servicios auxiliares","datePublished":"2007-09-18T07:02:10+00:00","dateModified":"2018-09-21T07:05:15+00:00","mainEntityOfPage":{"@id":"https:\/\/www.adelte.com\/es\/renfe-contrata-a-efs-servicios-de-limpieza-de-dependencias-vehiculos-ferroviarios-y-servicios-auxiliares\/"},"wordCount":148,"commentCount":0,"publisher":{"@id":"https:\/\/www.adelte.com\/#organization"},"image":{"@id":"https:\/\/www.adelte.com\/es\/renfe-contrata-a-efs-servicios-de-limpieza-de-dependencias-vehiculos-ferroviarios-y-servicios-auxiliares\/#primaryimage"},"thumbnailUrl":"https:\/\/www.adelte.com\/wp-content\/uploads\/2018\/09\/renfe_contrata_efs_mantenimiento.jpg","articleSection":["ADELTE Group","Aeropuertos","Servicios Globales"],"inLanguage":"es","potentialAction":[{"@type":"CommentAction","name":"Comment","target":["https:\/\/www.adelte.com\/es\/renfe-contrata-a-efs-servicios-de-limpieza-de-dependencias-vehiculos-ferroviarios-y-servicios-auxiliares\/#respond"]}]},{"@type":"WebPage","@id":"https:\/\/www.adelte.com\/es\/renfe-contrata-a-efs-servicios-de-limpieza-de-dependencias-vehiculos-ferroviarios-y-servicios-auxiliares\/","url":"https:\/\/www.adelte.com\/es\/renfe-contrata-a-efs-servicios-de-limpieza-de-dependencias-vehiculos-ferroviarios-y-servicios-auxiliares\/","name":"Renfe contrata a EFS, servicios de limpieza de dependencias, Veh\u00edculos ferroviarios y servicios auxiliares","isPartOf":{"@id":"https:\/\/www.adelte.com\/#website"},"primaryImageOfPage":{"@id":"https:\/\/www.adelte.com\/es\/renfe-contrata-a-efs-servicios-de-limpieza-de-dependencias-vehiculos-ferroviarios-y-servicios-auxiliares\/#primaryimage"},"image":{"@id":"https:\/\/www.adelte.com\/es\/renfe-contrata-a-efs-servicios-de-limpieza-de-dependencias-vehiculos-ferroviarios-y-servicios-auxiliares\/#primaryimage"},"thumbnailUrl":"https:\/\/www.adelte.com\/wp-content\/uploads\/2018\/09\/renfe_contrata_efs_mantenimiento.jpg","datePublished":"2007-09-18T07:02:10+00:00","dateModified":"2018-09-21T07:05:15+00:00","breadcrumb":{"@id":"https:\/\/www.adelte.com\/es\/renfe-contrata-a-efs-servicios-de-limpieza-de-dependencias-vehiculos-ferroviarios-y-servicios-auxiliares\/#breadcrumb"},"inLanguage":"es","potentialAction":[{"@type":"ReadAction","target":["https:\/\/www.adelte.com\/es\/renfe-contrata-a-efs-servicios-de-limpieza-de-dependencias-vehiculos-ferroviarios-y-servicios-auxiliares\/"]}]},{"@type":"ImageObject","inLanguage":"es","@id":"https:\/\/www.adelte.com\/es\/renfe-contrata-a-efs-servicios-de-limpieza-de-dependencias-vehiculos-ferroviarios-y-servicios-auxiliares\/#primaryimage","url":"https:\/\/www.adelte.com\/wp-content\/uploads\/2018\/09\/renfe_contrata_efs_mantenimiento.jpg","contentUrl":"https:\/\/www.adelte.com\/wp-content\/uploads\/2018\/09\/renfe_contrata_efs_mantenimiento.jpg","width":1986,"height":940},{"@type":"BreadcrumbList","@id":"https:\/\/www.adelte.com\/es\/renfe-contrata-a-efs-servicios-de-limpieza-de-dependencias-vehiculos-ferroviarios-y-servicios-auxiliares\/#breadcrumb","itemListElement":[{"@type":"ListItem","position":1,"name":"Home","item":"https:\/\/www.adelte.com\/es\/"},{"@type":"ListItem","position":2,"name":"Renfe contrata a EFS, servicios de limpieza de dependencias, Veh\u00edculos ferroviarios y servicios auxiliares"}]},{"@type":"WebSite","@id":"https:\/\/www.adelte.com\/#website","url":"https:\/\/www.adelte.com\/","name":"ADELTE","description":"","publisher":{"@id":"https:\/\/www.adelte.com\/#organization"},"potentialAction":[{"@type":"SearchAction","target":{"@type":"EntryPoint","urlTemplate":"https:\/\/www.adelte.com\/?s={search_term_string}"},"query-input":{"@type":"PropertyValueSpecification","valueRequired":true,"valueName":"search_term_string"}}],"inLanguage":"es"},{"@type":"Organization","@id":"https:\/\/www.adelte.com\/#organization","name":"ADELTE","url":"https:\/\/www.adelte.com\/","logo":{"@type":"ImageObject","inLanguage":"es","@id":"https:\/\/www.adelte.com\/#\/schema\/logo\/image\/","url":"https:\/\/www.adelte.com\/wp-content\/uploads\/2019\/05\/logo-adelte-white.png","contentUrl":"https:\/\/www.adelte.com\/wp-content\/uploads\/2019\/05\/logo-adelte-white.png","width":251,"height":56,"caption":"ADELTE"},"image":{"@id":"https:\/\/www.adelte.com\/#\/schema\/logo\/image\/"}},{"@type":"Person","@id":"https:\/\/www.adelte.com\/#\/schema\/person\/e7c1478e7002901332b4ac58e1c40a6c","name":"adelte","image":{"@type":"ImageObject","inLanguage":"es","@id":"https:\/\/secure.gravatar.com\/avatar\/bdfa24da655565029b971ea6d2320596b413b3595cf09b49c914d8c5d9098b55","url":"https:\/\/secure.gravatar.com\/avatar\/bdfa24da655565029b971ea6d2320596b413b3595cf09b49c914d8c5d9098b55","contentUrl":"https:\/\/secure.gravatar.com\/avatar\/bdfa24da655565029b971ea6d2320596b413b3595cf09b49c914d8c5d9098b55","caption":"adelte"}}]}},"_links":{"self":[{"href":"https:\/\/www.adelte.com\/es\/wp-json\/wp\/v2\/posts\/10464","targetHints":{"allow":["GET"]}}],"collection":[{"href":"https:\/\/www.adelte.com\/es\/wp-json\/wp\/v2\/posts"}],"about":[{"href":"https:\/\/www.adelte.com\/es\/wp-json\/wp\/v2\/types\/post"}],"author":[{"embeddable":true,"href":"https:\/\/www.adelte.com\/es\/wp-json\/wp\/v2\/users\/3"}],"replies":[{"embeddable":true,"href":"https:\/\/www.adelte.com\/es\/wp-json\/wp\/v2\/comments?post=10464"}],"version-history":[{"count":1,"href":"https:\/\/www.adelte.com\/es\/wp-json\/wp\/v2\/posts\/10464\/revisions"}],"predecessor-version":[{"id":10467,"href":"https:\/\/www.adelte.com\/es\/wp-json\/wp\/v2\/posts\/10464\/revisions\/10467"}],"wp:featuredmedia":[{"embeddable":true,"href":"https:\/\/www.adelte.com\/es\/wp-json\/wp\/v2\/media\/10465"}],"wp:attachment":[{"href":"https:\/\/www.adelte.com\/es\/wp-json\/wp\/v2\/media?parent=10464"}],"wp:term":[{"taxonomy":"category","embeddable":true,"href":"https:\/\/www.adelte.com\/es\/wp-json\/wp\/v2\/categories?post=10464"},{"taxonomy":"post_tag","embeddable":true,"href":"https:\/\/www.adelte.com\/es\/wp-json\/wp\/v2\/tags?post=10464"}],"curies":[{"name":"wp","href":"https:\/\/api.w.org\/{rel}","templated":true}]}}