{"id":10439,"date":"2010-09-20T07:34:37","date_gmt":"2010-09-20T06:34:37","guid":{"rendered":"http:\/\/www.adelte.com\/nuevaweb\/?p=10439"},"modified":"2018-09-21T07:43:08","modified_gmt":"2018-09-21T06:43:08","slug":"adif-vuelve-a-confiar-en-efs-para-prestar-servicios-de-limpieza-en-sevilla","status":"publish","type":"post","link":"https:\/\/www.adelte.com\/es\/adif-vuelve-a-confiar-en-efs-para-prestar-servicios-de-limpieza-en-sevilla\/","title":{"rendered":"ADIF vuelve a confiar en EFS para prestar servicios de limpieza en Sevilla"},"content":{"rendered":"<p><strong>Barcelona, 20 de Septiembre de 2010 &#8211;<\/strong>\u00a0EFS ha vuelto a ser contrada por ADIF, entidad p\u00fablica empresarial de infraestructuras ferroviarias para prestar<a title=\"Limpieza\" href=\"https:\/\/www.equipofs.com\/es\/servicios\/limpieza\/\">\u00a0servicios de limpieza<\/a>\u00a0de las oficinas de la delegaci\u00f3n de patrimonio y urbanismo de Andaluc\u00eda y Extremadura en la Estaci\u00f3n de Santa Justa en Sevilla. El comienzo del contrato ser\u00e1 el 1 de Octubre de 2010. Este contrato demuestra que EFS continua creciendo en el sector de los\u00a0servicios ferroviarios.<\/p>\n","protected":false},"excerpt":{"rendered":"<p>Barcelona, 20 de Septiembre de 2010 &#8211;\u00a0EFS ha vuelto a ser contrada por ADIF, entidad p\u00fablica empresarial de infraestructuras ferroviarias para prestar\u00a0servicios de limpieza\u00a0de las oficinas de la delegaci\u00f3n de patrimonio y urbanismo de Andaluc\u00eda y Extremadura en la Estaci\u00f3n&hellip;<\/p>\n","protected":false},"author":3,"featured_media":10440,"comment_status":"open","ping_status":"open","sticky":false,"template":"","format":"standard","meta":{"_acf_changed":false,"footnotes":""},"categories":[71,72,54],"tags":[],"class_list":["post-10439","post","type-post","status-publish","format-standard","has-post-thumbnail","hentry","category-grupo-adelte-es","category-aeropuertos","category-servicios-globales","entry","has-media"],"acf":[],"yoast_head":"<!-- This site is optimized with the Yoast SEO plugin v27.3 - https:\/\/yoast.com\/product\/yoast-seo-wordpress\/ -->\n<title>ADIF vuelve a confiar en EFS para prestar servicios de limpieza en Sevilla<\/title>\n<meta name=\"robots\" content=\"index, follow, max-snippet:-1, max-image-preview:large, max-video-preview:-1\" \/>\n<link rel=\"canonical\" href=\"https:\/\/www.adelte.com\/es\/adif-vuelve-a-confiar-en-efs-para-prestar-servicios-de-limpieza-en-sevilla\/\" \/>\n<meta property=\"og:locale\" content=\"es_ES\" \/>\n<meta property=\"og:type\" content=\"article\" \/>\n<meta property=\"og:title\" content=\"ADIF vuelve a confiar en EFS para prestar servicios de limpieza en Sevilla\" \/>\n<meta property=\"og:description\" content=\"Barcelona, 20 de Septiembre de 2010 &#8211;\u00a0EFS ha vuelto a ser contrada por ADIF, entidad p\u00fablica empresarial de infraestructuras ferroviarias para prestar\u00a0servicios de limpieza\u00a0de las oficinas de la delegaci\u00f3n de patrimonio y urbanismo de Andaluc\u00eda y Extremadura en la Estaci\u00f3n&hellip;\" \/>\n<meta property=\"og:url\" content=\"https:\/\/www.adelte.com\/es\/adif-vuelve-a-confiar-en-efs-para-prestar-servicios-de-limpieza-en-sevilla\/\" \/>\n<meta property=\"og:site_name\" content=\"ADELTE\" \/>\n<meta property=\"article:published_time\" content=\"2010-09-20T06:34:37+00:00\" \/>\n<meta property=\"article:modified_time\" content=\"2018-09-21T06:43:08+00:00\" \/>\n<meta property=\"og:image\" content=\"https:\/\/www.adelte.com\/wp-content\/uploads\/2018\/09\/adif_contrata_efs_estacion_sevilla_servicio_limpieza.jpg\" \/>\n\t<meta property=\"og:image:width\" content=\"1986\" \/>\n\t<meta property=\"og:image:height\" content=\"940\" \/>\n\t<meta property=\"og:image:type\" content=\"image\/jpeg\" \/>\n<meta name=\"author\" content=\"adelte\" \/>\n<meta name=\"twitter:card\" content=\"summary_large_image\" \/>\n<meta name=\"twitter:label1\" content=\"Escrito por\" \/>\n\t<meta name=\"twitter:data1\" content=\"adelte\" \/>\n<script type=\"application\/ld+json\" class=\"yoast-schema-graph\">{\"@context\":\"https:\\\/\\\/schema.org\",\"@graph\":[{\"@type\":\"Article\",\"@id\":\"https:\\\/\\\/www.adelte.com\\\/es\\\/adif-vuelve-a-confiar-en-efs-para-prestar-servicios-de-limpieza-en-sevilla\\\/#article\",\"isPartOf\":{\"@id\":\"https:\\\/\\\/www.adelte.com\\\/es\\\/adif-vuelve-a-confiar-en-efs-para-prestar-servicios-de-limpieza-en-sevilla\\\/\"},\"author\":{\"name\":\"adelte\",\"@id\":\"https:\\\/\\\/www.adelte.com\\\/#\\\/schema\\\/person\\\/e7c1478e7002901332b4ac58e1c40a6c\"},\"headline\":\"ADIF vuelve a confiar en EFS para prestar servicios de limpieza en Sevilla\",\"datePublished\":\"2010-09-20T06:34:37+00:00\",\"dateModified\":\"2018-09-21T06:43:08+00:00\",\"mainEntityOfPage\":{\"@id\":\"https:\\\/\\\/www.adelte.com\\\/es\\\/adif-vuelve-a-confiar-en-efs-para-prestar-servicios-de-limpieza-en-sevilla\\\/\"},\"wordCount\":86,\"commentCount\":0,\"publisher\":{\"@id\":\"https:\\\/\\\/www.adelte.com\\\/#organization\"},\"image\":{\"@id\":\"https:\\\/\\\/www.adelte.com\\\/es\\\/adif-vuelve-a-confiar-en-efs-para-prestar-servicios-de-limpieza-en-sevilla\\\/#primaryimage\"},\"thumbnailUrl\":\"https:\\\/\\\/www.adelte.com\\\/wp-content\\\/uploads\\\/2018\\\/09\\\/adif_contrata_efs_estacion_sevilla_servicio_limpieza.jpg\",\"articleSection\":[\"ADELTE Group\",\"Aeropuertos\",\"Servicios Globales\"],\"inLanguage\":\"es\",\"potentialAction\":[{\"@type\":\"CommentAction\",\"name\":\"Comment\",\"target\":[\"https:\\\/\\\/www.adelte.com\\\/es\\\/adif-vuelve-a-confiar-en-efs-para-prestar-servicios-de-limpieza-en-sevilla\\\/#respond\"]}]},{\"@type\":\"WebPage\",\"@id\":\"https:\\\/\\\/www.adelte.com\\\/es\\\/adif-vuelve-a-confiar-en-efs-para-prestar-servicios-de-limpieza-en-sevilla\\\/\",\"url\":\"https:\\\/\\\/www.adelte.com\\\/es\\\/adif-vuelve-a-confiar-en-efs-para-prestar-servicios-de-limpieza-en-sevilla\\\/\",\"name\":\"ADIF vuelve a confiar en EFS para prestar servicios de limpieza en Sevilla\",\"isPartOf\":{\"@id\":\"https:\\\/\\\/www.adelte.com\\\/#website\"},\"primaryImageOfPage\":{\"@id\":\"https:\\\/\\\/www.adelte.com\\\/es\\\/adif-vuelve-a-confiar-en-efs-para-prestar-servicios-de-limpieza-en-sevilla\\\/#primaryimage\"},\"image\":{\"@id\":\"https:\\\/\\\/www.adelte.com\\\/es\\\/adif-vuelve-a-confiar-en-efs-para-prestar-servicios-de-limpieza-en-sevilla\\\/#primaryimage\"},\"thumbnailUrl\":\"https:\\\/\\\/www.adelte.com\\\/wp-content\\\/uploads\\\/2018\\\/09\\\/adif_contrata_efs_estacion_sevilla_servicio_limpieza.jpg\",\"datePublished\":\"2010-09-20T06:34:37+00:00\",\"dateModified\":\"2018-09-21T06:43:08+00:00\",\"breadcrumb\":{\"@id\":\"https:\\\/\\\/www.adelte.com\\\/es\\\/adif-vuelve-a-confiar-en-efs-para-prestar-servicios-de-limpieza-en-sevilla\\\/#breadcrumb\"},\"inLanguage\":\"es\",\"potentialAction\":[{\"@type\":\"ReadAction\",\"target\":[\"https:\\\/\\\/www.adelte.com\\\/es\\\/adif-vuelve-a-confiar-en-efs-para-prestar-servicios-de-limpieza-en-sevilla\\\/\"]}]},{\"@type\":\"ImageObject\",\"inLanguage\":\"es\",\"@id\":\"https:\\\/\\\/www.adelte.com\\\/es\\\/adif-vuelve-a-confiar-en-efs-para-prestar-servicios-de-limpieza-en-sevilla\\\/#primaryimage\",\"url\":\"https:\\\/\\\/www.adelte.com\\\/wp-content\\\/uploads\\\/2018\\\/09\\\/adif_contrata_efs_estacion_sevilla_servicio_limpieza.jpg\",\"contentUrl\":\"https:\\\/\\\/www.adelte.com\\\/wp-content\\\/uploads\\\/2018\\\/09\\\/adif_contrata_efs_estacion_sevilla_servicio_limpieza.jpg\",\"width\":1986,\"height\":940},{\"@type\":\"BreadcrumbList\",\"@id\":\"https:\\\/\\\/www.adelte.com\\\/es\\\/adif-vuelve-a-confiar-en-efs-para-prestar-servicios-de-limpieza-en-sevilla\\\/#breadcrumb\",\"itemListElement\":[{\"@type\":\"ListItem\",\"position\":1,\"name\":\"Home\",\"item\":\"https:\\\/\\\/www.adelte.com\\\/es\\\/\"},{\"@type\":\"ListItem\",\"position\":2,\"name\":\"ADIF vuelve a confiar en EFS para prestar servicios de limpieza en Sevilla\"}]},{\"@type\":\"WebSite\",\"@id\":\"https:\\\/\\\/www.adelte.com\\\/#website\",\"url\":\"https:\\\/\\\/www.adelte.com\\\/\",\"name\":\"ADELTE\",\"description\":\"\",\"publisher\":{\"@id\":\"https:\\\/\\\/www.adelte.com\\\/#organization\"},\"potentialAction\":[{\"@type\":\"SearchAction\",\"target\":{\"@type\":\"EntryPoint\",\"urlTemplate\":\"https:\\\/\\\/www.adelte.com\\\/?s={search_term_string}\"},\"query-input\":{\"@type\":\"PropertyValueSpecification\",\"valueRequired\":true,\"valueName\":\"search_term_string\"}}],\"inLanguage\":\"es\"},{\"@type\":\"Organization\",\"@id\":\"https:\\\/\\\/www.adelte.com\\\/#organization\",\"name\":\"ADELTE\",\"url\":\"https:\\\/\\\/www.adelte.com\\\/\",\"logo\":{\"@type\":\"ImageObject\",\"inLanguage\":\"es\",\"@id\":\"https:\\\/\\\/www.adelte.com\\\/#\\\/schema\\\/logo\\\/image\\\/\",\"url\":\"https:\\\/\\\/www.adelte.com\\\/wp-content\\\/uploads\\\/2019\\\/05\\\/logo-adelte-white.png\",\"contentUrl\":\"https:\\\/\\\/www.adelte.com\\\/wp-content\\\/uploads\\\/2019\\\/05\\\/logo-adelte-white.png\",\"width\":251,\"height\":56,\"caption\":\"ADELTE\"},\"image\":{\"@id\":\"https:\\\/\\\/www.adelte.com\\\/#\\\/schema\\\/logo\\\/image\\\/\"}},{\"@type\":\"Person\",\"@id\":\"https:\\\/\\\/www.adelte.com\\\/#\\\/schema\\\/person\\\/e7c1478e7002901332b4ac58e1c40a6c\",\"name\":\"adelte\",\"image\":{\"@type\":\"ImageObject\",\"inLanguage\":\"es\",\"@id\":\"https:\\\/\\\/secure.gravatar.com\\\/avatar\\\/bdfa24da655565029b971ea6d2320596b413b3595cf09b49c914d8c5d9098b55\",\"url\":\"https:\\\/\\\/secure.gravatar.com\\\/avatar\\\/bdfa24da655565029b971ea6d2320596b413b3595cf09b49c914d8c5d9098b55\",\"contentUrl\":\"https:\\\/\\\/secure.gravatar.com\\\/avatar\\\/bdfa24da655565029b971ea6d2320596b413b3595cf09b49c914d8c5d9098b55\",\"caption\":\"adelte\"}}]}<\/script>\n<!-- \/ Yoast SEO plugin. -->","yoast_head_json":{"title":"ADIF vuelve a confiar en EFS para prestar servicios de limpieza en Sevilla","robots":{"index":"index","follow":"follow","max-snippet":"max-snippet:-1","max-image-preview":"max-image-preview:large","max-video-preview":"max-video-preview:-1"},"canonical":"https:\/\/www.adelte.com\/es\/adif-vuelve-a-confiar-en-efs-para-prestar-servicios-de-limpieza-en-sevilla\/","og_locale":"es_ES","og_type":"article","og_title":"ADIF vuelve a confiar en EFS para prestar servicios de limpieza en Sevilla","og_description":"Barcelona, 20 de Septiembre de 2010 &#8211;\u00a0EFS ha vuelto a ser contrada por ADIF, entidad p\u00fablica empresarial de infraestructuras ferroviarias para prestar\u00a0servicios de limpieza\u00a0de las oficinas de la delegaci\u00f3n de patrimonio y urbanismo de Andaluc\u00eda y Extremadura en la Estaci\u00f3n&hellip;","og_url":"https:\/\/www.adelte.com\/es\/adif-vuelve-a-confiar-en-efs-para-prestar-servicios-de-limpieza-en-sevilla\/","og_site_name":"ADELTE","article_published_time":"2010-09-20T06:34:37+00:00","article_modified_time":"2018-09-21T06:43:08+00:00","og_image":[{"width":1986,"height":940,"url":"https:\/\/www.adelte.com\/wp-content\/uploads\/2018\/09\/adif_contrata_efs_estacion_sevilla_servicio_limpieza.jpg","type":"image\/jpeg"}],"author":"adelte","twitter_card":"summary_large_image","twitter_misc":{"Escrito por":"adelte"},"schema":{"@context":"https:\/\/schema.org","@graph":[{"@type":"Article","@id":"https:\/\/www.adelte.com\/es\/adif-vuelve-a-confiar-en-efs-para-prestar-servicios-de-limpieza-en-sevilla\/#article","isPartOf":{"@id":"https:\/\/www.adelte.com\/es\/adif-vuelve-a-confiar-en-efs-para-prestar-servicios-de-limpieza-en-sevilla\/"},"author":{"name":"adelte","@id":"https:\/\/www.adelte.com\/#\/schema\/person\/e7c1478e7002901332b4ac58e1c40a6c"},"headline":"ADIF vuelve a confiar en EFS para prestar servicios de limpieza en Sevilla","datePublished":"2010-09-20T06:34:37+00:00","dateModified":"2018-09-21T06:43:08+00:00","mainEntityOfPage":{"@id":"https:\/\/www.adelte.com\/es\/adif-vuelve-a-confiar-en-efs-para-prestar-servicios-de-limpieza-en-sevilla\/"},"wordCount":86,"commentCount":0,"publisher":{"@id":"https:\/\/www.adelte.com\/#organization"},"image":{"@id":"https:\/\/www.adelte.com\/es\/adif-vuelve-a-confiar-en-efs-para-prestar-servicios-de-limpieza-en-sevilla\/#primaryimage"},"thumbnailUrl":"https:\/\/www.adelte.com\/wp-content\/uploads\/2018\/09\/adif_contrata_efs_estacion_sevilla_servicio_limpieza.jpg","articleSection":["ADELTE Group","Aeropuertos","Servicios Globales"],"inLanguage":"es","potentialAction":[{"@type":"CommentAction","name":"Comment","target":["https:\/\/www.adelte.com\/es\/adif-vuelve-a-confiar-en-efs-para-prestar-servicios-de-limpieza-en-sevilla\/#respond"]}]},{"@type":"WebPage","@id":"https:\/\/www.adelte.com\/es\/adif-vuelve-a-confiar-en-efs-para-prestar-servicios-de-limpieza-en-sevilla\/","url":"https:\/\/www.adelte.com\/es\/adif-vuelve-a-confiar-en-efs-para-prestar-servicios-de-limpieza-en-sevilla\/","name":"ADIF vuelve a confiar en EFS para prestar servicios de limpieza en Sevilla","isPartOf":{"@id":"https:\/\/www.adelte.com\/#website"},"primaryImageOfPage":{"@id":"https:\/\/www.adelte.com\/es\/adif-vuelve-a-confiar-en-efs-para-prestar-servicios-de-limpieza-en-sevilla\/#primaryimage"},"image":{"@id":"https:\/\/www.adelte.com\/es\/adif-vuelve-a-confiar-en-efs-para-prestar-servicios-de-limpieza-en-sevilla\/#primaryimage"},"thumbnailUrl":"https:\/\/www.adelte.com\/wp-content\/uploads\/2018\/09\/adif_contrata_efs_estacion_sevilla_servicio_limpieza.jpg","datePublished":"2010-09-20T06:34:37+00:00","dateModified":"2018-09-21T06:43:08+00:00","breadcrumb":{"@id":"https:\/\/www.adelte.com\/es\/adif-vuelve-a-confiar-en-efs-para-prestar-servicios-de-limpieza-en-sevilla\/#breadcrumb"},"inLanguage":"es","potentialAction":[{"@type":"ReadAction","target":["https:\/\/www.adelte.com\/es\/adif-vuelve-a-confiar-en-efs-para-prestar-servicios-de-limpieza-en-sevilla\/"]}]},{"@type":"ImageObject","inLanguage":"es","@id":"https:\/\/www.adelte.com\/es\/adif-vuelve-a-confiar-en-efs-para-prestar-servicios-de-limpieza-en-sevilla\/#primaryimage","url":"https:\/\/www.adelte.com\/wp-content\/uploads\/2018\/09\/adif_contrata_efs_estacion_sevilla_servicio_limpieza.jpg","contentUrl":"https:\/\/www.adelte.com\/wp-content\/uploads\/2018\/09\/adif_contrata_efs_estacion_sevilla_servicio_limpieza.jpg","width":1986,"height":940},{"@type":"BreadcrumbList","@id":"https:\/\/www.adelte.com\/es\/adif-vuelve-a-confiar-en-efs-para-prestar-servicios-de-limpieza-en-sevilla\/#breadcrumb","itemListElement":[{"@type":"ListItem","position":1,"name":"Home","item":"https:\/\/www.adelte.com\/es\/"},{"@type":"ListItem","position":2,"name":"ADIF vuelve a confiar en EFS para prestar servicios de limpieza en Sevilla"}]},{"@type":"WebSite","@id":"https:\/\/www.adelte.com\/#website","url":"https:\/\/www.adelte.com\/","name":"ADELTE","description":"","publisher":{"@id":"https:\/\/www.adelte.com\/#organization"},"potentialAction":[{"@type":"SearchAction","target":{"@type":"EntryPoint","urlTemplate":"https:\/\/www.adelte.com\/?s={search_term_string}"},"query-input":{"@type":"PropertyValueSpecification","valueRequired":true,"valueName":"search_term_string"}}],"inLanguage":"es"},{"@type":"Organization","@id":"https:\/\/www.adelte.com\/#organization","name":"ADELTE","url":"https:\/\/www.adelte.com\/","logo":{"@type":"ImageObject","inLanguage":"es","@id":"https:\/\/www.adelte.com\/#\/schema\/logo\/image\/","url":"https:\/\/www.adelte.com\/wp-content\/uploads\/2019\/05\/logo-adelte-white.png","contentUrl":"https:\/\/www.adelte.com\/wp-content\/uploads\/2019\/05\/logo-adelte-white.png","width":251,"height":56,"caption":"ADELTE"},"image":{"@id":"https:\/\/www.adelte.com\/#\/schema\/logo\/image\/"}},{"@type":"Person","@id":"https:\/\/www.adelte.com\/#\/schema\/person\/e7c1478e7002901332b4ac58e1c40a6c","name":"adelte","image":{"@type":"ImageObject","inLanguage":"es","@id":"https:\/\/secure.gravatar.com\/avatar\/bdfa24da655565029b971ea6d2320596b413b3595cf09b49c914d8c5d9098b55","url":"https:\/\/secure.gravatar.com\/avatar\/bdfa24da655565029b971ea6d2320596b413b3595cf09b49c914d8c5d9098b55","contentUrl":"https:\/\/secure.gravatar.com\/avatar\/bdfa24da655565029b971ea6d2320596b413b3595cf09b49c914d8c5d9098b55","caption":"adelte"}}]}},"_links":{"self":[{"href":"https:\/\/www.adelte.com\/es\/wp-json\/wp\/v2\/posts\/10439","targetHints":{"allow":["GET"]}}],"collection":[{"href":"https:\/\/www.adelte.com\/es\/wp-json\/wp\/v2\/posts"}],"about":[{"href":"https:\/\/www.adelte.com\/es\/wp-json\/wp\/v2\/types\/post"}],"author":[{"embeddable":true,"href":"https:\/\/www.adelte.com\/es\/wp-json\/wp\/v2\/users\/3"}],"replies":[{"embeddable":true,"href":"https:\/\/www.adelte.com\/es\/wp-json\/wp\/v2\/comments?post=10439"}],"version-history":[{"count":1,"href":"https:\/\/www.adelte.com\/es\/wp-json\/wp\/v2\/posts\/10439\/revisions"}],"predecessor-version":[{"id":10442,"href":"https:\/\/www.adelte.com\/es\/wp-json\/wp\/v2\/posts\/10439\/revisions\/10442"}],"wp:featuredmedia":[{"embeddable":true,"href":"https:\/\/www.adelte.com\/es\/wp-json\/wp\/v2\/media\/10440"}],"wp:attachment":[{"href":"https:\/\/www.adelte.com\/es\/wp-json\/wp\/v2\/media?parent=10439"}],"wp:term":[{"taxonomy":"category","embeddable":true,"href":"https:\/\/www.adelte.com\/es\/wp-json\/wp\/v2\/categories?post=10439"},{"taxonomy":"post_tag","embeddable":true,"href":"https:\/\/www.adelte.com\/es\/wp-json\/wp\/v2\/tags?post=10439"}],"curies":[{"name":"wp","href":"https:\/\/api.w.org\/{rel}","templated":true}]}}