{"id":10397,"date":"2010-11-10T13:20:09","date_gmt":"2010-11-10T12:20:09","guid":{"rendered":"http:\/\/www.adelte.com\/nuevaweb\/?p=10397"},"modified":"2018-09-20T13:23:03","modified_gmt":"2018-09-20T12:23:03","slug":"aena-adjudica-a-efs-el-servicio-de-limpieza-lado-aire-en-el-aeropuerto-de-alicante","status":"publish","type":"post","link":"https:\/\/www.adelte.com\/es\/aena-adjudica-a-efs-el-servicio-de-limpieza-lado-aire-en-el-aeropuerto-de-alicante\/","title":{"rendered":"AENA adjudica a EFS el servicio de limpieza lado aire en el Aeropuerto de Alicante"},"content":{"rendered":"<p><strong>Barcelona, 10 de Noviembre de 2010<\/strong>\u00a0\u2013 EFS ha sido contratada por AENA para prestar\u00a0servicios de limpieza\u00a0lado aire en el aeropuerto de Alicante. El comienzo del contrato ser\u00e1 el 1 de Diciembre de 2010. EFS est\u00e1 realizando este servicio en el aeropuerto de Alicante desde 2006 y este contrato incluye la parte nueva del aeropuerto. Este servicio se destaca por aplicar la tecnolog\u00eda m\u00e1s avanzada en el mercado, respondiendo siempre a las medidas de calidad y medio ambiente, y por apostar en la formaci\u00f3n de nuestros profesionales para asegurar la calidad de nuestros servicios.<\/p>\n","protected":false},"excerpt":{"rendered":"<p>Barcelona, 10 de Noviembre de 2010\u00a0\u2013 EFS ha sido contratada por AENA para prestar\u00a0servicios de limpieza\u00a0lado aire en el aeropuerto de Alicante. El comienzo del contrato ser\u00e1 el 1 de Diciembre de 2010. EFS est\u00e1 realizando este servicio en el&hellip;<\/p>\n","protected":false},"author":3,"featured_media":10398,"comment_status":"open","ping_status":"open","sticky":false,"template":"","format":"standard","meta":{"_acf_changed":false,"footnotes":""},"categories":[71,72,54],"tags":[],"class_list":["post-10397","post","type-post","status-publish","format-standard","has-post-thumbnail","hentry","category-grupo-adelte-es","category-aeropuertos","category-servicios-globales","entry","has-media"],"acf":[],"yoast_head":"<!-- This site is optimized with the Yoast SEO plugin v27.3 - https:\/\/yoast.com\/product\/yoast-seo-wordpress\/ -->\n<title>AENA adjudica a EFS el servicio de limpieza lado aire en el Aeropuerto de Alicante<\/title>\n<meta name=\"robots\" content=\"index, follow, max-snippet:-1, max-image-preview:large, max-video-preview:-1\" \/>\n<link rel=\"canonical\" href=\"https:\/\/www.adelte.com\/es\/aena-adjudica-a-efs-el-servicio-de-limpieza-lado-aire-en-el-aeropuerto-de-alicante\/\" \/>\n<meta property=\"og:locale\" content=\"es_ES\" \/>\n<meta property=\"og:type\" content=\"article\" \/>\n<meta property=\"og:title\" content=\"AENA adjudica a EFS el servicio de limpieza lado aire en el Aeropuerto de Alicante\" \/>\n<meta property=\"og:description\" content=\"Barcelona, 10 de Noviembre de 2010\u00a0\u2013 EFS ha sido contratada por AENA para prestar\u00a0servicios de limpieza\u00a0lado aire en el aeropuerto de Alicante. El comienzo del contrato ser\u00e1 el 1 de Diciembre de 2010. EFS est\u00e1 realizando este servicio en el&hellip;\" \/>\n<meta property=\"og:url\" content=\"https:\/\/www.adelte.com\/es\/aena-adjudica-a-efs-el-servicio-de-limpieza-lado-aire-en-el-aeropuerto-de-alicante\/\" \/>\n<meta property=\"og:site_name\" content=\"ADELTE\" \/>\n<meta property=\"article:published_time\" content=\"2010-11-10T12:20:09+00:00\" \/>\n<meta property=\"article:modified_time\" content=\"2018-09-20T12:23:03+00:00\" \/>\n<meta property=\"og:image\" content=\"https:\/\/www.adelte.com\/wp-content\/uploads\/2018\/09\/limpieza_interior_aeropuerto_de_alicante.jpg\" \/>\n\t<meta property=\"og:image:width\" content=\"1986\" \/>\n\t<meta property=\"og:image:height\" content=\"940\" \/>\n\t<meta property=\"og:image:type\" content=\"image\/jpeg\" \/>\n<meta name=\"author\" content=\"adelte\" \/>\n<meta name=\"twitter:card\" content=\"summary_large_image\" \/>\n<meta name=\"twitter:label1\" content=\"Escrito por\" \/>\n\t<meta name=\"twitter:data1\" content=\"adelte\" \/>\n<script type=\"application\/ld+json\" class=\"yoast-schema-graph\">{\"@context\":\"https:\\\/\\\/schema.org\",\"@graph\":[{\"@type\":\"Article\",\"@id\":\"https:\\\/\\\/www.adelte.com\\\/es\\\/aena-adjudica-a-efs-el-servicio-de-limpieza-lado-aire-en-el-aeropuerto-de-alicante\\\/#article\",\"isPartOf\":{\"@id\":\"https:\\\/\\\/www.adelte.com\\\/es\\\/aena-adjudica-a-efs-el-servicio-de-limpieza-lado-aire-en-el-aeropuerto-de-alicante\\\/\"},\"author\":{\"name\":\"adelte\",\"@id\":\"https:\\\/\\\/www.adelte.com\\\/#\\\/schema\\\/person\\\/e7c1478e7002901332b4ac58e1c40a6c\"},\"headline\":\"AENA adjudica a EFS el servicio de limpieza lado aire en el Aeropuerto de Alicante\",\"datePublished\":\"2010-11-10T12:20:09+00:00\",\"dateModified\":\"2018-09-20T12:23:03+00:00\",\"mainEntityOfPage\":{\"@id\":\"https:\\\/\\\/www.adelte.com\\\/es\\\/aena-adjudica-a-efs-el-servicio-de-limpieza-lado-aire-en-el-aeropuerto-de-alicante\\\/\"},\"wordCount\":108,\"commentCount\":0,\"publisher\":{\"@id\":\"https:\\\/\\\/www.adelte.com\\\/#organization\"},\"image\":{\"@id\":\"https:\\\/\\\/www.adelte.com\\\/es\\\/aena-adjudica-a-efs-el-servicio-de-limpieza-lado-aire-en-el-aeropuerto-de-alicante\\\/#primaryimage\"},\"thumbnailUrl\":\"https:\\\/\\\/www.adelte.com\\\/wp-content\\\/uploads\\\/2018\\\/09\\\/limpieza_interior_aeropuerto_de_alicante.jpg\",\"articleSection\":[\"ADELTE Group\",\"Aeropuertos\",\"Servicios Globales\"],\"inLanguage\":\"es\",\"potentialAction\":[{\"@type\":\"CommentAction\",\"name\":\"Comment\",\"target\":[\"https:\\\/\\\/www.adelte.com\\\/es\\\/aena-adjudica-a-efs-el-servicio-de-limpieza-lado-aire-en-el-aeropuerto-de-alicante\\\/#respond\"]}]},{\"@type\":\"WebPage\",\"@id\":\"https:\\\/\\\/www.adelte.com\\\/es\\\/aena-adjudica-a-efs-el-servicio-de-limpieza-lado-aire-en-el-aeropuerto-de-alicante\\\/\",\"url\":\"https:\\\/\\\/www.adelte.com\\\/es\\\/aena-adjudica-a-efs-el-servicio-de-limpieza-lado-aire-en-el-aeropuerto-de-alicante\\\/\",\"name\":\"AENA adjudica a EFS el servicio de limpieza lado aire en el Aeropuerto de Alicante\",\"isPartOf\":{\"@id\":\"https:\\\/\\\/www.adelte.com\\\/#website\"},\"primaryImageOfPage\":{\"@id\":\"https:\\\/\\\/www.adelte.com\\\/es\\\/aena-adjudica-a-efs-el-servicio-de-limpieza-lado-aire-en-el-aeropuerto-de-alicante\\\/#primaryimage\"},\"image\":{\"@id\":\"https:\\\/\\\/www.adelte.com\\\/es\\\/aena-adjudica-a-efs-el-servicio-de-limpieza-lado-aire-en-el-aeropuerto-de-alicante\\\/#primaryimage\"},\"thumbnailUrl\":\"https:\\\/\\\/www.adelte.com\\\/wp-content\\\/uploads\\\/2018\\\/09\\\/limpieza_interior_aeropuerto_de_alicante.jpg\",\"datePublished\":\"2010-11-10T12:20:09+00:00\",\"dateModified\":\"2018-09-20T12:23:03+00:00\",\"breadcrumb\":{\"@id\":\"https:\\\/\\\/www.adelte.com\\\/es\\\/aena-adjudica-a-efs-el-servicio-de-limpieza-lado-aire-en-el-aeropuerto-de-alicante\\\/#breadcrumb\"},\"inLanguage\":\"es\",\"potentialAction\":[{\"@type\":\"ReadAction\",\"target\":[\"https:\\\/\\\/www.adelte.com\\\/es\\\/aena-adjudica-a-efs-el-servicio-de-limpieza-lado-aire-en-el-aeropuerto-de-alicante\\\/\"]}]},{\"@type\":\"ImageObject\",\"inLanguage\":\"es\",\"@id\":\"https:\\\/\\\/www.adelte.com\\\/es\\\/aena-adjudica-a-efs-el-servicio-de-limpieza-lado-aire-en-el-aeropuerto-de-alicante\\\/#primaryimage\",\"url\":\"https:\\\/\\\/www.adelte.com\\\/wp-content\\\/uploads\\\/2018\\\/09\\\/limpieza_interior_aeropuerto_de_alicante.jpg\",\"contentUrl\":\"https:\\\/\\\/www.adelte.com\\\/wp-content\\\/uploads\\\/2018\\\/09\\\/limpieza_interior_aeropuerto_de_alicante.jpg\",\"width\":1986,\"height\":940},{\"@type\":\"BreadcrumbList\",\"@id\":\"https:\\\/\\\/www.adelte.com\\\/es\\\/aena-adjudica-a-efs-el-servicio-de-limpieza-lado-aire-en-el-aeropuerto-de-alicante\\\/#breadcrumb\",\"itemListElement\":[{\"@type\":\"ListItem\",\"position\":1,\"name\":\"Home\",\"item\":\"https:\\\/\\\/www.adelte.com\\\/es\\\/\"},{\"@type\":\"ListItem\",\"position\":2,\"name\":\"AENA adjudica a EFS el servicio de limpieza lado aire en el Aeropuerto de Alicante\"}]},{\"@type\":\"WebSite\",\"@id\":\"https:\\\/\\\/www.adelte.com\\\/#website\",\"url\":\"https:\\\/\\\/www.adelte.com\\\/\",\"name\":\"ADELTE\",\"description\":\"\",\"publisher\":{\"@id\":\"https:\\\/\\\/www.adelte.com\\\/#organization\"},\"potentialAction\":[{\"@type\":\"SearchAction\",\"target\":{\"@type\":\"EntryPoint\",\"urlTemplate\":\"https:\\\/\\\/www.adelte.com\\\/?s={search_term_string}\"},\"query-input\":{\"@type\":\"PropertyValueSpecification\",\"valueRequired\":true,\"valueName\":\"search_term_string\"}}],\"inLanguage\":\"es\"},{\"@type\":\"Organization\",\"@id\":\"https:\\\/\\\/www.adelte.com\\\/#organization\",\"name\":\"ADELTE\",\"url\":\"https:\\\/\\\/www.adelte.com\\\/\",\"logo\":{\"@type\":\"ImageObject\",\"inLanguage\":\"es\",\"@id\":\"https:\\\/\\\/www.adelte.com\\\/#\\\/schema\\\/logo\\\/image\\\/\",\"url\":\"https:\\\/\\\/www.adelte.com\\\/wp-content\\\/uploads\\\/2019\\\/05\\\/logo-adelte-white.png\",\"contentUrl\":\"https:\\\/\\\/www.adelte.com\\\/wp-content\\\/uploads\\\/2019\\\/05\\\/logo-adelte-white.png\",\"width\":251,\"height\":56,\"caption\":\"ADELTE\"},\"image\":{\"@id\":\"https:\\\/\\\/www.adelte.com\\\/#\\\/schema\\\/logo\\\/image\\\/\"}},{\"@type\":\"Person\",\"@id\":\"https:\\\/\\\/www.adelte.com\\\/#\\\/schema\\\/person\\\/e7c1478e7002901332b4ac58e1c40a6c\",\"name\":\"adelte\",\"image\":{\"@type\":\"ImageObject\",\"inLanguage\":\"es\",\"@id\":\"https:\\\/\\\/secure.gravatar.com\\\/avatar\\\/bdfa24da655565029b971ea6d2320596b413b3595cf09b49c914d8c5d9098b55\",\"url\":\"https:\\\/\\\/secure.gravatar.com\\\/avatar\\\/bdfa24da655565029b971ea6d2320596b413b3595cf09b49c914d8c5d9098b55\",\"contentUrl\":\"https:\\\/\\\/secure.gravatar.com\\\/avatar\\\/bdfa24da655565029b971ea6d2320596b413b3595cf09b49c914d8c5d9098b55\",\"caption\":\"adelte\"}}]}<\/script>\n<!-- \/ Yoast SEO plugin. -->","yoast_head_json":{"title":"AENA adjudica a EFS el servicio de limpieza lado aire en el Aeropuerto de Alicante","robots":{"index":"index","follow":"follow","max-snippet":"max-snippet:-1","max-image-preview":"max-image-preview:large","max-video-preview":"max-video-preview:-1"},"canonical":"https:\/\/www.adelte.com\/es\/aena-adjudica-a-efs-el-servicio-de-limpieza-lado-aire-en-el-aeropuerto-de-alicante\/","og_locale":"es_ES","og_type":"article","og_title":"AENA adjudica a EFS el servicio de limpieza lado aire en el Aeropuerto de Alicante","og_description":"Barcelona, 10 de Noviembre de 2010\u00a0\u2013 EFS ha sido contratada por AENA para prestar\u00a0servicios de limpieza\u00a0lado aire en el aeropuerto de Alicante. El comienzo del contrato ser\u00e1 el 1 de Diciembre de 2010. EFS est\u00e1 realizando este servicio en el&hellip;","og_url":"https:\/\/www.adelte.com\/es\/aena-adjudica-a-efs-el-servicio-de-limpieza-lado-aire-en-el-aeropuerto-de-alicante\/","og_site_name":"ADELTE","article_published_time":"2010-11-10T12:20:09+00:00","article_modified_time":"2018-09-20T12:23:03+00:00","og_image":[{"width":1986,"height":940,"url":"https:\/\/www.adelte.com\/wp-content\/uploads\/2018\/09\/limpieza_interior_aeropuerto_de_alicante.jpg","type":"image\/jpeg"}],"author":"adelte","twitter_card":"summary_large_image","twitter_misc":{"Escrito por":"adelte"},"schema":{"@context":"https:\/\/schema.org","@graph":[{"@type":"Article","@id":"https:\/\/www.adelte.com\/es\/aena-adjudica-a-efs-el-servicio-de-limpieza-lado-aire-en-el-aeropuerto-de-alicante\/#article","isPartOf":{"@id":"https:\/\/www.adelte.com\/es\/aena-adjudica-a-efs-el-servicio-de-limpieza-lado-aire-en-el-aeropuerto-de-alicante\/"},"author":{"name":"adelte","@id":"https:\/\/www.adelte.com\/#\/schema\/person\/e7c1478e7002901332b4ac58e1c40a6c"},"headline":"AENA adjudica a EFS el servicio de limpieza lado aire en el Aeropuerto de Alicante","datePublished":"2010-11-10T12:20:09+00:00","dateModified":"2018-09-20T12:23:03+00:00","mainEntityOfPage":{"@id":"https:\/\/www.adelte.com\/es\/aena-adjudica-a-efs-el-servicio-de-limpieza-lado-aire-en-el-aeropuerto-de-alicante\/"},"wordCount":108,"commentCount":0,"publisher":{"@id":"https:\/\/www.adelte.com\/#organization"},"image":{"@id":"https:\/\/www.adelte.com\/es\/aena-adjudica-a-efs-el-servicio-de-limpieza-lado-aire-en-el-aeropuerto-de-alicante\/#primaryimage"},"thumbnailUrl":"https:\/\/www.adelte.com\/wp-content\/uploads\/2018\/09\/limpieza_interior_aeropuerto_de_alicante.jpg","articleSection":["ADELTE Group","Aeropuertos","Servicios Globales"],"inLanguage":"es","potentialAction":[{"@type":"CommentAction","name":"Comment","target":["https:\/\/www.adelte.com\/es\/aena-adjudica-a-efs-el-servicio-de-limpieza-lado-aire-en-el-aeropuerto-de-alicante\/#respond"]}]},{"@type":"WebPage","@id":"https:\/\/www.adelte.com\/es\/aena-adjudica-a-efs-el-servicio-de-limpieza-lado-aire-en-el-aeropuerto-de-alicante\/","url":"https:\/\/www.adelte.com\/es\/aena-adjudica-a-efs-el-servicio-de-limpieza-lado-aire-en-el-aeropuerto-de-alicante\/","name":"AENA adjudica a EFS el servicio de limpieza lado aire en el Aeropuerto de Alicante","isPartOf":{"@id":"https:\/\/www.adelte.com\/#website"},"primaryImageOfPage":{"@id":"https:\/\/www.adelte.com\/es\/aena-adjudica-a-efs-el-servicio-de-limpieza-lado-aire-en-el-aeropuerto-de-alicante\/#primaryimage"},"image":{"@id":"https:\/\/www.adelte.com\/es\/aena-adjudica-a-efs-el-servicio-de-limpieza-lado-aire-en-el-aeropuerto-de-alicante\/#primaryimage"},"thumbnailUrl":"https:\/\/www.adelte.com\/wp-content\/uploads\/2018\/09\/limpieza_interior_aeropuerto_de_alicante.jpg","datePublished":"2010-11-10T12:20:09+00:00","dateModified":"2018-09-20T12:23:03+00:00","breadcrumb":{"@id":"https:\/\/www.adelte.com\/es\/aena-adjudica-a-efs-el-servicio-de-limpieza-lado-aire-en-el-aeropuerto-de-alicante\/#breadcrumb"},"inLanguage":"es","potentialAction":[{"@type":"ReadAction","target":["https:\/\/www.adelte.com\/es\/aena-adjudica-a-efs-el-servicio-de-limpieza-lado-aire-en-el-aeropuerto-de-alicante\/"]}]},{"@type":"ImageObject","inLanguage":"es","@id":"https:\/\/www.adelte.com\/es\/aena-adjudica-a-efs-el-servicio-de-limpieza-lado-aire-en-el-aeropuerto-de-alicante\/#primaryimage","url":"https:\/\/www.adelte.com\/wp-content\/uploads\/2018\/09\/limpieza_interior_aeropuerto_de_alicante.jpg","contentUrl":"https:\/\/www.adelte.com\/wp-content\/uploads\/2018\/09\/limpieza_interior_aeropuerto_de_alicante.jpg","width":1986,"height":940},{"@type":"BreadcrumbList","@id":"https:\/\/www.adelte.com\/es\/aena-adjudica-a-efs-el-servicio-de-limpieza-lado-aire-en-el-aeropuerto-de-alicante\/#breadcrumb","itemListElement":[{"@type":"ListItem","position":1,"name":"Home","item":"https:\/\/www.adelte.com\/es\/"},{"@type":"ListItem","position":2,"name":"AENA adjudica a EFS el servicio de limpieza lado aire en el Aeropuerto de Alicante"}]},{"@type":"WebSite","@id":"https:\/\/www.adelte.com\/#website","url":"https:\/\/www.adelte.com\/","name":"ADELTE","description":"","publisher":{"@id":"https:\/\/www.adelte.com\/#organization"},"potentialAction":[{"@type":"SearchAction","target":{"@type":"EntryPoint","urlTemplate":"https:\/\/www.adelte.com\/?s={search_term_string}"},"query-input":{"@type":"PropertyValueSpecification","valueRequired":true,"valueName":"search_term_string"}}],"inLanguage":"es"},{"@type":"Organization","@id":"https:\/\/www.adelte.com\/#organization","name":"ADELTE","url":"https:\/\/www.adelte.com\/","logo":{"@type":"ImageObject","inLanguage":"es","@id":"https:\/\/www.adelte.com\/#\/schema\/logo\/image\/","url":"https:\/\/www.adelte.com\/wp-content\/uploads\/2019\/05\/logo-adelte-white.png","contentUrl":"https:\/\/www.adelte.com\/wp-content\/uploads\/2019\/05\/logo-adelte-white.png","width":251,"height":56,"caption":"ADELTE"},"image":{"@id":"https:\/\/www.adelte.com\/#\/schema\/logo\/image\/"}},{"@type":"Person","@id":"https:\/\/www.adelte.com\/#\/schema\/person\/e7c1478e7002901332b4ac58e1c40a6c","name":"adelte","image":{"@type":"ImageObject","inLanguage":"es","@id":"https:\/\/secure.gravatar.com\/avatar\/bdfa24da655565029b971ea6d2320596b413b3595cf09b49c914d8c5d9098b55","url":"https:\/\/secure.gravatar.com\/avatar\/bdfa24da655565029b971ea6d2320596b413b3595cf09b49c914d8c5d9098b55","contentUrl":"https:\/\/secure.gravatar.com\/avatar\/bdfa24da655565029b971ea6d2320596b413b3595cf09b49c914d8c5d9098b55","caption":"adelte"}}]}},"_links":{"self":[{"href":"https:\/\/www.adelte.com\/es\/wp-json\/wp\/v2\/posts\/10397","targetHints":{"allow":["GET"]}}],"collection":[{"href":"https:\/\/www.adelte.com\/es\/wp-json\/wp\/v2\/posts"}],"about":[{"href":"https:\/\/www.adelte.com\/es\/wp-json\/wp\/v2\/types\/post"}],"author":[{"embeddable":true,"href":"https:\/\/www.adelte.com\/es\/wp-json\/wp\/v2\/users\/3"}],"replies":[{"embeddable":true,"href":"https:\/\/www.adelte.com\/es\/wp-json\/wp\/v2\/comments?post=10397"}],"version-history":[{"count":1,"href":"https:\/\/www.adelte.com\/es\/wp-json\/wp\/v2\/posts\/10397\/revisions"}],"predecessor-version":[{"id":10400,"href":"https:\/\/www.adelte.com\/es\/wp-json\/wp\/v2\/posts\/10397\/revisions\/10400"}],"wp:featuredmedia":[{"embeddable":true,"href":"https:\/\/www.adelte.com\/es\/wp-json\/wp\/v2\/media\/10398"}],"wp:attachment":[{"href":"https:\/\/www.adelte.com\/es\/wp-json\/wp\/v2\/media?parent=10397"}],"wp:term":[{"taxonomy":"category","embeddable":true,"href":"https:\/\/www.adelte.com\/es\/wp-json\/wp\/v2\/categories?post=10397"},{"taxonomy":"post_tag","embeddable":true,"href":"https:\/\/www.adelte.com\/es\/wp-json\/wp\/v2\/tags?post=10397"}],"curies":[{"name":"wp","href":"https:\/\/api.w.org\/{rel}","templated":true}]}}