{"id":10393,"date":"2011-11-30T13:15:24","date_gmt":"2011-11-30T12:15:24","guid":{"rendered":"http:\/\/www.adelte.com\/nuevaweb\/?p=10393"},"modified":"2018-09-20T13:18:40","modified_gmt":"2018-09-20T12:18:40","slug":"empezamos-nuestro-servicio-de-limpieza-en-la-terminal-1-del-aeropuerto-de-barcelona","status":"publish","type":"post","link":"https:\/\/www.adelte.com\/es\/empezamos-nuestro-servicio-de-limpieza-en-la-terminal-1-del-aeropuerto-de-barcelona\/","title":{"rendered":"Empezamos nuestro servicio de Limpieza en la Terminal 1 del Aeropuerto de Barcelona"},"content":{"rendered":"<p><strong>Barcelona, 30 de Noviembre de 2011<\/strong>\u00a0\u2013\u00a0EFS fue la empresa ganadora y qui\u00e9n a partir del pr\u00f3ximo uno de diciembre, se har\u00e1 con la limpieza de la Terminal 1 del Aeropuerto de Barcelona.<\/p>\n<p>Eulen, Acciona, Clece y Euro Limp fueron algunas de las empresas que se presentaron al concurso convocado por Aena para el millonario expediente de\u00a0Servicio de Limpieza\u00a0y Gesti\u00f3n de Portaequipajes en los Aeropuertos y Oficinas Centrales de Aena.<\/p>\n<blockquote><p><strong>\u201cUna buena propuesta t\u00e9cnica conjunta a un precio competitivo\u201d<\/strong>\u00a0es lo que les ha diferenciado de la competencia, declara el Director Comercial de EFS, Marc Balada.<\/p><\/blockquote>\n<p>Reemplazando a Concentra, EFS cuenta con un contrato de dos a\u00f1os m\u00e1s 1+1 posibles de pr\u00f3rroga para demostrar que su victoria ha sido m\u00e1s que merecida y que, pese a ser una empresa en desarrollo, est\u00e1 m\u00e1s que preparada para pisar fuerte en el sector Servicios.<\/p>\n","protected":false},"excerpt":{"rendered":"<p>Barcelona, 30 de Noviembre de 2011\u00a0\u2013\u00a0EFS fue la empresa ganadora y qui\u00e9n a partir del pr\u00f3ximo uno de diciembre, se har\u00e1 con la limpieza de la Terminal 1 del Aeropuerto de Barcelona. Eulen, Acciona, Clece y Euro Limp fueron algunas&hellip;<\/p>\n","protected":false},"author":3,"featured_media":10394,"comment_status":"open","ping_status":"open","sticky":false,"template":"","format":"standard","meta":{"_acf_changed":false,"footnotes":""},"categories":[71,72,54],"tags":[],"class_list":["post-10393","post","type-post","status-publish","format-standard","has-post-thumbnail","hentry","category-grupo-adelte-es","category-aeropuertos","category-servicios-globales","entry","has-media"],"acf":[],"yoast_head":"<!-- This site is optimized with the Yoast SEO plugin v27.3 - https:\/\/yoast.com\/product\/yoast-seo-wordpress\/ -->\n<title>Empezamos nuestro servicio de Limpieza en la Terminal 1 del Aeropuerto de Barcelona<\/title>\n<meta name=\"robots\" content=\"index, follow, max-snippet:-1, max-image-preview:large, max-video-preview:-1\" \/>\n<link rel=\"canonical\" href=\"https:\/\/www.adelte.com\/es\/empezamos-nuestro-servicio-de-limpieza-en-la-terminal-1-del-aeropuerto-de-barcelona\/\" \/>\n<meta property=\"og:locale\" content=\"es_ES\" \/>\n<meta property=\"og:type\" content=\"article\" \/>\n<meta property=\"og:title\" content=\"Empezamos nuestro servicio de Limpieza en la Terminal 1 del Aeropuerto de Barcelona\" \/>\n<meta property=\"og:description\" content=\"Barcelona, 30 de Noviembre de 2011\u00a0\u2013\u00a0EFS fue la empresa ganadora y qui\u00e9n a partir del pr\u00f3ximo uno de diciembre, se har\u00e1 con la limpieza de la Terminal 1 del Aeropuerto de Barcelona. Eulen, Acciona, Clece y Euro Limp fueron algunas&hellip;\" \/>\n<meta property=\"og:url\" content=\"https:\/\/www.adelte.com\/es\/empezamos-nuestro-servicio-de-limpieza-en-la-terminal-1-del-aeropuerto-de-barcelona\/\" \/>\n<meta property=\"og:site_name\" content=\"ADELTE\" \/>\n<meta property=\"article:published_time\" content=\"2011-11-30T12:15:24+00:00\" \/>\n<meta property=\"article:modified_time\" content=\"2018-09-20T12:18:40+00:00\" \/>\n<meta property=\"og:image\" content=\"https:\/\/www.adelte.com\/wp-content\/uploads\/2018\/09\/servicio_limpieza_aeropuerto_barcelona.jpg\" \/>\n\t<meta property=\"og:image:width\" content=\"1986\" \/>\n\t<meta property=\"og:image:height\" content=\"940\" \/>\n\t<meta property=\"og:image:type\" content=\"image\/jpeg\" \/>\n<meta name=\"author\" content=\"adelte\" \/>\n<meta name=\"twitter:card\" content=\"summary_large_image\" \/>\n<meta name=\"twitter:label1\" content=\"Escrito por\" \/>\n\t<meta name=\"twitter:data1\" content=\"adelte\" \/>\n\t<meta name=\"twitter:label2\" content=\"Tiempo de lectura\" \/>\n\t<meta name=\"twitter:data2\" content=\"1 minuto\" \/>\n<script type=\"application\/ld+json\" class=\"yoast-schema-graph\">{\"@context\":\"https:\\\/\\\/schema.org\",\"@graph\":[{\"@type\":\"Article\",\"@id\":\"https:\\\/\\\/www.adelte.com\\\/es\\\/empezamos-nuestro-servicio-de-limpieza-en-la-terminal-1-del-aeropuerto-de-barcelona\\\/#article\",\"isPartOf\":{\"@id\":\"https:\\\/\\\/www.adelte.com\\\/es\\\/empezamos-nuestro-servicio-de-limpieza-en-la-terminal-1-del-aeropuerto-de-barcelona\\\/\"},\"author\":{\"name\":\"adelte\",\"@id\":\"https:\\\/\\\/www.adelte.com\\\/#\\\/schema\\\/person\\\/e7c1478e7002901332b4ac58e1c40a6c\"},\"headline\":\"Empezamos nuestro servicio de Limpieza en la Terminal 1 del Aeropuerto de Barcelona\",\"datePublished\":\"2011-11-30T12:15:24+00:00\",\"dateModified\":\"2018-09-20T12:18:40+00:00\",\"mainEntityOfPage\":{\"@id\":\"https:\\\/\\\/www.adelte.com\\\/es\\\/empezamos-nuestro-servicio-de-limpieza-en-la-terminal-1-del-aeropuerto-de-barcelona\\\/\"},\"wordCount\":161,\"commentCount\":0,\"publisher\":{\"@id\":\"https:\\\/\\\/www.adelte.com\\\/#organization\"},\"image\":{\"@id\":\"https:\\\/\\\/www.adelte.com\\\/es\\\/empezamos-nuestro-servicio-de-limpieza-en-la-terminal-1-del-aeropuerto-de-barcelona\\\/#primaryimage\"},\"thumbnailUrl\":\"https:\\\/\\\/www.adelte.com\\\/wp-content\\\/uploads\\\/2018\\\/09\\\/servicio_limpieza_aeropuerto_barcelona.jpg\",\"articleSection\":[\"ADELTE Group\",\"Aeropuertos\",\"Servicios Globales\"],\"inLanguage\":\"es\",\"potentialAction\":[{\"@type\":\"CommentAction\",\"name\":\"Comment\",\"target\":[\"https:\\\/\\\/www.adelte.com\\\/es\\\/empezamos-nuestro-servicio-de-limpieza-en-la-terminal-1-del-aeropuerto-de-barcelona\\\/#respond\"]}]},{\"@type\":\"WebPage\",\"@id\":\"https:\\\/\\\/www.adelte.com\\\/es\\\/empezamos-nuestro-servicio-de-limpieza-en-la-terminal-1-del-aeropuerto-de-barcelona\\\/\",\"url\":\"https:\\\/\\\/www.adelte.com\\\/es\\\/empezamos-nuestro-servicio-de-limpieza-en-la-terminal-1-del-aeropuerto-de-barcelona\\\/\",\"name\":\"Empezamos nuestro servicio de Limpieza en la Terminal 1 del Aeropuerto de Barcelona\",\"isPartOf\":{\"@id\":\"https:\\\/\\\/www.adelte.com\\\/#website\"},\"primaryImageOfPage\":{\"@id\":\"https:\\\/\\\/www.adelte.com\\\/es\\\/empezamos-nuestro-servicio-de-limpieza-en-la-terminal-1-del-aeropuerto-de-barcelona\\\/#primaryimage\"},\"image\":{\"@id\":\"https:\\\/\\\/www.adelte.com\\\/es\\\/empezamos-nuestro-servicio-de-limpieza-en-la-terminal-1-del-aeropuerto-de-barcelona\\\/#primaryimage\"},\"thumbnailUrl\":\"https:\\\/\\\/www.adelte.com\\\/wp-content\\\/uploads\\\/2018\\\/09\\\/servicio_limpieza_aeropuerto_barcelona.jpg\",\"datePublished\":\"2011-11-30T12:15:24+00:00\",\"dateModified\":\"2018-09-20T12:18:40+00:00\",\"breadcrumb\":{\"@id\":\"https:\\\/\\\/www.adelte.com\\\/es\\\/empezamos-nuestro-servicio-de-limpieza-en-la-terminal-1-del-aeropuerto-de-barcelona\\\/#breadcrumb\"},\"inLanguage\":\"es\",\"potentialAction\":[{\"@type\":\"ReadAction\",\"target\":[\"https:\\\/\\\/www.adelte.com\\\/es\\\/empezamos-nuestro-servicio-de-limpieza-en-la-terminal-1-del-aeropuerto-de-barcelona\\\/\"]}]},{\"@type\":\"ImageObject\",\"inLanguage\":\"es\",\"@id\":\"https:\\\/\\\/www.adelte.com\\\/es\\\/empezamos-nuestro-servicio-de-limpieza-en-la-terminal-1-del-aeropuerto-de-barcelona\\\/#primaryimage\",\"url\":\"https:\\\/\\\/www.adelte.com\\\/wp-content\\\/uploads\\\/2018\\\/09\\\/servicio_limpieza_aeropuerto_barcelona.jpg\",\"contentUrl\":\"https:\\\/\\\/www.adelte.com\\\/wp-content\\\/uploads\\\/2018\\\/09\\\/servicio_limpieza_aeropuerto_barcelona.jpg\",\"width\":1986,\"height\":940},{\"@type\":\"BreadcrumbList\",\"@id\":\"https:\\\/\\\/www.adelte.com\\\/es\\\/empezamos-nuestro-servicio-de-limpieza-en-la-terminal-1-del-aeropuerto-de-barcelona\\\/#breadcrumb\",\"itemListElement\":[{\"@type\":\"ListItem\",\"position\":1,\"name\":\"Home\",\"item\":\"https:\\\/\\\/www.adelte.com\\\/es\\\/\"},{\"@type\":\"ListItem\",\"position\":2,\"name\":\"Empezamos nuestro servicio de Limpieza en la Terminal 1 del Aeropuerto de Barcelona\"}]},{\"@type\":\"WebSite\",\"@id\":\"https:\\\/\\\/www.adelte.com\\\/#website\",\"url\":\"https:\\\/\\\/www.adelte.com\\\/\",\"name\":\"ADELTE\",\"description\":\"\",\"publisher\":{\"@id\":\"https:\\\/\\\/www.adelte.com\\\/#organization\"},\"potentialAction\":[{\"@type\":\"SearchAction\",\"target\":{\"@type\":\"EntryPoint\",\"urlTemplate\":\"https:\\\/\\\/www.adelte.com\\\/?s={search_term_string}\"},\"query-input\":{\"@type\":\"PropertyValueSpecification\",\"valueRequired\":true,\"valueName\":\"search_term_string\"}}],\"inLanguage\":\"es\"},{\"@type\":\"Organization\",\"@id\":\"https:\\\/\\\/www.adelte.com\\\/#organization\",\"name\":\"ADELTE\",\"url\":\"https:\\\/\\\/www.adelte.com\\\/\",\"logo\":{\"@type\":\"ImageObject\",\"inLanguage\":\"es\",\"@id\":\"https:\\\/\\\/www.adelte.com\\\/#\\\/schema\\\/logo\\\/image\\\/\",\"url\":\"https:\\\/\\\/www.adelte.com\\\/wp-content\\\/uploads\\\/2019\\\/05\\\/logo-adelte-white.png\",\"contentUrl\":\"https:\\\/\\\/www.adelte.com\\\/wp-content\\\/uploads\\\/2019\\\/05\\\/logo-adelte-white.png\",\"width\":251,\"height\":56,\"caption\":\"ADELTE\"},\"image\":{\"@id\":\"https:\\\/\\\/www.adelte.com\\\/#\\\/schema\\\/logo\\\/image\\\/\"}},{\"@type\":\"Person\",\"@id\":\"https:\\\/\\\/www.adelte.com\\\/#\\\/schema\\\/person\\\/e7c1478e7002901332b4ac58e1c40a6c\",\"name\":\"adelte\",\"image\":{\"@type\":\"ImageObject\",\"inLanguage\":\"es\",\"@id\":\"https:\\\/\\\/secure.gravatar.com\\\/avatar\\\/bdfa24da655565029b971ea6d2320596b413b3595cf09b49c914d8c5d9098b55\",\"url\":\"https:\\\/\\\/secure.gravatar.com\\\/avatar\\\/bdfa24da655565029b971ea6d2320596b413b3595cf09b49c914d8c5d9098b55\",\"contentUrl\":\"https:\\\/\\\/secure.gravatar.com\\\/avatar\\\/bdfa24da655565029b971ea6d2320596b413b3595cf09b49c914d8c5d9098b55\",\"caption\":\"adelte\"}}]}<\/script>\n<!-- \/ Yoast SEO plugin. -->","yoast_head_json":{"title":"Empezamos nuestro servicio de Limpieza en la Terminal 1 del Aeropuerto de Barcelona","robots":{"index":"index","follow":"follow","max-snippet":"max-snippet:-1","max-image-preview":"max-image-preview:large","max-video-preview":"max-video-preview:-1"},"canonical":"https:\/\/www.adelte.com\/es\/empezamos-nuestro-servicio-de-limpieza-en-la-terminal-1-del-aeropuerto-de-barcelona\/","og_locale":"es_ES","og_type":"article","og_title":"Empezamos nuestro servicio de Limpieza en la Terminal 1 del Aeropuerto de Barcelona","og_description":"Barcelona, 30 de Noviembre de 2011\u00a0\u2013\u00a0EFS fue la empresa ganadora y qui\u00e9n a partir del pr\u00f3ximo uno de diciembre, se har\u00e1 con la limpieza de la Terminal 1 del Aeropuerto de Barcelona. Eulen, Acciona, Clece y Euro Limp fueron algunas&hellip;","og_url":"https:\/\/www.adelte.com\/es\/empezamos-nuestro-servicio-de-limpieza-en-la-terminal-1-del-aeropuerto-de-barcelona\/","og_site_name":"ADELTE","article_published_time":"2011-11-30T12:15:24+00:00","article_modified_time":"2018-09-20T12:18:40+00:00","og_image":[{"width":1986,"height":940,"url":"https:\/\/www.adelte.com\/wp-content\/uploads\/2018\/09\/servicio_limpieza_aeropuerto_barcelona.jpg","type":"image\/jpeg"}],"author":"adelte","twitter_card":"summary_large_image","twitter_misc":{"Escrito por":"adelte","Tiempo de lectura":"1 minuto"},"schema":{"@context":"https:\/\/schema.org","@graph":[{"@type":"Article","@id":"https:\/\/www.adelte.com\/es\/empezamos-nuestro-servicio-de-limpieza-en-la-terminal-1-del-aeropuerto-de-barcelona\/#article","isPartOf":{"@id":"https:\/\/www.adelte.com\/es\/empezamos-nuestro-servicio-de-limpieza-en-la-terminal-1-del-aeropuerto-de-barcelona\/"},"author":{"name":"adelte","@id":"https:\/\/www.adelte.com\/#\/schema\/person\/e7c1478e7002901332b4ac58e1c40a6c"},"headline":"Empezamos nuestro servicio de Limpieza en la Terminal 1 del Aeropuerto de Barcelona","datePublished":"2011-11-30T12:15:24+00:00","dateModified":"2018-09-20T12:18:40+00:00","mainEntityOfPage":{"@id":"https:\/\/www.adelte.com\/es\/empezamos-nuestro-servicio-de-limpieza-en-la-terminal-1-del-aeropuerto-de-barcelona\/"},"wordCount":161,"commentCount":0,"publisher":{"@id":"https:\/\/www.adelte.com\/#organization"},"image":{"@id":"https:\/\/www.adelte.com\/es\/empezamos-nuestro-servicio-de-limpieza-en-la-terminal-1-del-aeropuerto-de-barcelona\/#primaryimage"},"thumbnailUrl":"https:\/\/www.adelte.com\/wp-content\/uploads\/2018\/09\/servicio_limpieza_aeropuerto_barcelona.jpg","articleSection":["ADELTE Group","Aeropuertos","Servicios Globales"],"inLanguage":"es","potentialAction":[{"@type":"CommentAction","name":"Comment","target":["https:\/\/www.adelte.com\/es\/empezamos-nuestro-servicio-de-limpieza-en-la-terminal-1-del-aeropuerto-de-barcelona\/#respond"]}]},{"@type":"WebPage","@id":"https:\/\/www.adelte.com\/es\/empezamos-nuestro-servicio-de-limpieza-en-la-terminal-1-del-aeropuerto-de-barcelona\/","url":"https:\/\/www.adelte.com\/es\/empezamos-nuestro-servicio-de-limpieza-en-la-terminal-1-del-aeropuerto-de-barcelona\/","name":"Empezamos nuestro servicio de Limpieza en la Terminal 1 del Aeropuerto de Barcelona","isPartOf":{"@id":"https:\/\/www.adelte.com\/#website"},"primaryImageOfPage":{"@id":"https:\/\/www.adelte.com\/es\/empezamos-nuestro-servicio-de-limpieza-en-la-terminal-1-del-aeropuerto-de-barcelona\/#primaryimage"},"image":{"@id":"https:\/\/www.adelte.com\/es\/empezamos-nuestro-servicio-de-limpieza-en-la-terminal-1-del-aeropuerto-de-barcelona\/#primaryimage"},"thumbnailUrl":"https:\/\/www.adelte.com\/wp-content\/uploads\/2018\/09\/servicio_limpieza_aeropuerto_barcelona.jpg","datePublished":"2011-11-30T12:15:24+00:00","dateModified":"2018-09-20T12:18:40+00:00","breadcrumb":{"@id":"https:\/\/www.adelte.com\/es\/empezamos-nuestro-servicio-de-limpieza-en-la-terminal-1-del-aeropuerto-de-barcelona\/#breadcrumb"},"inLanguage":"es","potentialAction":[{"@type":"ReadAction","target":["https:\/\/www.adelte.com\/es\/empezamos-nuestro-servicio-de-limpieza-en-la-terminal-1-del-aeropuerto-de-barcelona\/"]}]},{"@type":"ImageObject","inLanguage":"es","@id":"https:\/\/www.adelte.com\/es\/empezamos-nuestro-servicio-de-limpieza-en-la-terminal-1-del-aeropuerto-de-barcelona\/#primaryimage","url":"https:\/\/www.adelte.com\/wp-content\/uploads\/2018\/09\/servicio_limpieza_aeropuerto_barcelona.jpg","contentUrl":"https:\/\/www.adelte.com\/wp-content\/uploads\/2018\/09\/servicio_limpieza_aeropuerto_barcelona.jpg","width":1986,"height":940},{"@type":"BreadcrumbList","@id":"https:\/\/www.adelte.com\/es\/empezamos-nuestro-servicio-de-limpieza-en-la-terminal-1-del-aeropuerto-de-barcelona\/#breadcrumb","itemListElement":[{"@type":"ListItem","position":1,"name":"Home","item":"https:\/\/www.adelte.com\/es\/"},{"@type":"ListItem","position":2,"name":"Empezamos nuestro servicio de Limpieza en la Terminal 1 del Aeropuerto de Barcelona"}]},{"@type":"WebSite","@id":"https:\/\/www.adelte.com\/#website","url":"https:\/\/www.adelte.com\/","name":"ADELTE","description":"","publisher":{"@id":"https:\/\/www.adelte.com\/#organization"},"potentialAction":[{"@type":"SearchAction","target":{"@type":"EntryPoint","urlTemplate":"https:\/\/www.adelte.com\/?s={search_term_string}"},"query-input":{"@type":"PropertyValueSpecification","valueRequired":true,"valueName":"search_term_string"}}],"inLanguage":"es"},{"@type":"Organization","@id":"https:\/\/www.adelte.com\/#organization","name":"ADELTE","url":"https:\/\/www.adelte.com\/","logo":{"@type":"ImageObject","inLanguage":"es","@id":"https:\/\/www.adelte.com\/#\/schema\/logo\/image\/","url":"https:\/\/www.adelte.com\/wp-content\/uploads\/2019\/05\/logo-adelte-white.png","contentUrl":"https:\/\/www.adelte.com\/wp-content\/uploads\/2019\/05\/logo-adelte-white.png","width":251,"height":56,"caption":"ADELTE"},"image":{"@id":"https:\/\/www.adelte.com\/#\/schema\/logo\/image\/"}},{"@type":"Person","@id":"https:\/\/www.adelte.com\/#\/schema\/person\/e7c1478e7002901332b4ac58e1c40a6c","name":"adelte","image":{"@type":"ImageObject","inLanguage":"es","@id":"https:\/\/secure.gravatar.com\/avatar\/bdfa24da655565029b971ea6d2320596b413b3595cf09b49c914d8c5d9098b55","url":"https:\/\/secure.gravatar.com\/avatar\/bdfa24da655565029b971ea6d2320596b413b3595cf09b49c914d8c5d9098b55","contentUrl":"https:\/\/secure.gravatar.com\/avatar\/bdfa24da655565029b971ea6d2320596b413b3595cf09b49c914d8c5d9098b55","caption":"adelte"}}]}},"_links":{"self":[{"href":"https:\/\/www.adelte.com\/es\/wp-json\/wp\/v2\/posts\/10393","targetHints":{"allow":["GET"]}}],"collection":[{"href":"https:\/\/www.adelte.com\/es\/wp-json\/wp\/v2\/posts"}],"about":[{"href":"https:\/\/www.adelte.com\/es\/wp-json\/wp\/v2\/types\/post"}],"author":[{"embeddable":true,"href":"https:\/\/www.adelte.com\/es\/wp-json\/wp\/v2\/users\/3"}],"replies":[{"embeddable":true,"href":"https:\/\/www.adelte.com\/es\/wp-json\/wp\/v2\/comments?post=10393"}],"version-history":[{"count":1,"href":"https:\/\/www.adelte.com\/es\/wp-json\/wp\/v2\/posts\/10393\/revisions"}],"predecessor-version":[{"id":10396,"href":"https:\/\/www.adelte.com\/es\/wp-json\/wp\/v2\/posts\/10393\/revisions\/10396"}],"wp:featuredmedia":[{"embeddable":true,"href":"https:\/\/www.adelte.com\/es\/wp-json\/wp\/v2\/media\/10394"}],"wp:attachment":[{"href":"https:\/\/www.adelte.com\/es\/wp-json\/wp\/v2\/media?parent=10393"}],"wp:term":[{"taxonomy":"category","embeddable":true,"href":"https:\/\/www.adelte.com\/es\/wp-json\/wp\/v2\/categories?post=10393"},{"taxonomy":"post_tag","embeddable":true,"href":"https:\/\/www.adelte.com\/es\/wp-json\/wp\/v2\/tags?post=10393"}],"curies":[{"name":"wp","href":"https:\/\/api.w.org\/{rel}","templated":true}]}}