{"id":10385,"date":"2012-02-14T13:07:42","date_gmt":"2012-02-14T12:07:42","guid":{"rendered":"http:\/\/www.adelte.com\/nuevaweb\/?p=10385"},"modified":"2018-09-20T13:11:35","modified_gmt":"2018-09-20T12:11:35","slug":"aena-adjudica-a-efs-el-servicio-de-limpieza-lado-aire-del-aeropuerto-de-barcelona","status":"publish","type":"post","link":"https:\/\/www.adelte.com\/es\/aena-adjudica-a-efs-el-servicio-de-limpieza-lado-aire-del-aeropuerto-de-barcelona\/","title":{"rendered":"Aena adjudica a EFS el servicio de limpieza lado aire del Aeropuerto de Barcelona"},"content":{"rendered":"<p><strong>Barcelona, 14 de Febrero de 2012<\/strong>\u00a0\u2013 Equipo Facility Services S.L. (EFS) junto con la empresa INGESAN del Grupo OHL realizar\u00e1n a partir del 1 de Marzo este\u00a0servicio de limpieza\u00a0en el aeropuerto de Barcelona. En 2010, AENA Aeropuertos ya hab\u00eda adjudicado a EFS este mismo servicio en el aeropuerto de Alicante.<\/p>\n<p>Los equipos especializados de EFS se encargar\u00e1n de la recogida y gesti\u00f3n de residuos, as\u00ed como del traslado de los productos que requieran un tratamiento especial hacia el Centro de Transferencia de Residuos. El per\u00edmetro de acci\u00f3n de esa adjudicaci\u00f3n se extiende a todo el \u00e1rea de movimiento del aeropuerto, incluidas las v\u00edas de servicio, la plataforma de estacionamiento de las aeronaves, rodaduras y pistas, parcelas, vallado y camino perimetral, patio de carrillos, etc.<\/p>\n<p><span id=\"more-923\"><\/span><em>\u201cAena Aeropuertos es un cliente muy importante para EFS. Estamos orgullosos de trabajar cada vez m\u00e1s con el primer operador mundial aeroportuario. Clientes como Aena necesitan servicios de alta calidad, totalmente a medida y en esto somos muy competitivos\u201d<\/em>\u00a0comenta Marcos Gordaliza, Director Gerente de EFS.<\/p>\n<p>Adem\u00e1s de invertir en innovaci\u00f3n y calidad, los servicios de limpieza de EFS destacan por aplicar la tecnolog\u00eda m\u00e1s avanzada del mercado, partiendo siempre desde la m\u00e1s alta calidad junto con el respeto al medio ambiente, y en la formaci\u00f3n de nuestros profesionales, asegurando dicha calidad en nuestros servicios. EFS ofrece una amplia gama de servicios de limpieza capaz de cubrir todas las necesidades de sus clientes, desde las m\u00e1s b\u00e1sicas hasta las m\u00e1s especializadas.<\/p>\n","protected":false},"excerpt":{"rendered":"<p>Barcelona, 14 de Febrero de 2012\u00a0\u2013 Equipo Facility Services S.L. (EFS) junto con la empresa INGESAN del Grupo OHL realizar\u00e1n a partir del 1 de Marzo este\u00a0servicio de limpieza\u00a0en el aeropuerto de Barcelona. En 2010, AENA Aeropuertos ya hab\u00eda adjudicado&hellip;<\/p>\n","protected":false},"author":3,"featured_media":10386,"comment_status":"open","ping_status":"open","sticky":false,"template":"","format":"standard","meta":{"_acf_changed":false,"footnotes":""},"categories":[71,72,54],"tags":[],"class_list":["post-10385","post","type-post","status-publish","format-standard","has-post-thumbnail","hentry","category-grupo-adelte-es","category-aeropuertos","category-servicios-globales","entry","has-media"],"acf":[],"yoast_head":"<!-- This site is optimized with the Yoast SEO plugin v27.3 - https:\/\/yoast.com\/product\/yoast-seo-wordpress\/ -->\n<title>Aena adjudica a EFS el servicio de limpieza lado aire del Aeropuerto de Barcelona<\/title>\n<meta name=\"robots\" content=\"index, follow, max-snippet:-1, max-image-preview:large, max-video-preview:-1\" \/>\n<link rel=\"canonical\" href=\"https:\/\/www.adelte.com\/es\/aena-adjudica-a-efs-el-servicio-de-limpieza-lado-aire-del-aeropuerto-de-barcelona\/\" \/>\n<meta property=\"og:locale\" content=\"es_ES\" \/>\n<meta property=\"og:type\" content=\"article\" \/>\n<meta property=\"og:title\" content=\"Aena adjudica a EFS el servicio de limpieza lado aire del Aeropuerto de Barcelona\" \/>\n<meta property=\"og:description\" content=\"Barcelona, 14 de Febrero de 2012\u00a0\u2013 Equipo Facility Services S.L. (EFS) junto con la empresa INGESAN del Grupo OHL realizar\u00e1n a partir del 1 de Marzo este\u00a0servicio de limpieza\u00a0en el aeropuerto de Barcelona. En 2010, AENA Aeropuertos ya hab\u00eda adjudicado&hellip;\" \/>\n<meta property=\"og:url\" content=\"https:\/\/www.adelte.com\/es\/aena-adjudica-a-efs-el-servicio-de-limpieza-lado-aire-del-aeropuerto-de-barcelona\/\" \/>\n<meta property=\"og:site_name\" content=\"ADELTE\" \/>\n<meta property=\"article:published_time\" content=\"2012-02-14T12:07:42+00:00\" \/>\n<meta property=\"article:modified_time\" content=\"2018-09-20T12:11:35+00:00\" \/>\n<meta property=\"og:image\" content=\"https:\/\/www.adelte.com\/wp-content\/uploads\/2018\/09\/servicio_limpieza_lado_aire_aeropuertos_aena.jpg\" \/>\n\t<meta property=\"og:image:width\" content=\"1986\" \/>\n\t<meta property=\"og:image:height\" content=\"940\" \/>\n\t<meta property=\"og:image:type\" content=\"image\/jpeg\" \/>\n<meta name=\"author\" content=\"adelte\" \/>\n<meta name=\"twitter:card\" content=\"summary_large_image\" \/>\n<meta name=\"twitter:label1\" content=\"Escrito por\" \/>\n\t<meta name=\"twitter:data1\" content=\"adelte\" \/>\n\t<meta name=\"twitter:label2\" content=\"Tiempo de lectura\" \/>\n\t<meta name=\"twitter:data2\" content=\"1 minuto\" \/>\n<script type=\"application\/ld+json\" class=\"yoast-schema-graph\">{\"@context\":\"https:\\\/\\\/schema.org\",\"@graph\":[{\"@type\":\"Article\",\"@id\":\"https:\\\/\\\/www.adelte.com\\\/es\\\/aena-adjudica-a-efs-el-servicio-de-limpieza-lado-aire-del-aeropuerto-de-barcelona\\\/#article\",\"isPartOf\":{\"@id\":\"https:\\\/\\\/www.adelte.com\\\/es\\\/aena-adjudica-a-efs-el-servicio-de-limpieza-lado-aire-del-aeropuerto-de-barcelona\\\/\"},\"author\":{\"name\":\"adelte\",\"@id\":\"https:\\\/\\\/www.adelte.com\\\/#\\\/schema\\\/person\\\/e7c1478e7002901332b4ac58e1c40a6c\"},\"headline\":\"Aena adjudica a EFS el servicio de limpieza lado aire del Aeropuerto de Barcelona\",\"datePublished\":\"2012-02-14T12:07:42+00:00\",\"dateModified\":\"2018-09-20T12:11:35+00:00\",\"mainEntityOfPage\":{\"@id\":\"https:\\\/\\\/www.adelte.com\\\/es\\\/aena-adjudica-a-efs-el-servicio-de-limpieza-lado-aire-del-aeropuerto-de-barcelona\\\/\"},\"wordCount\":276,\"commentCount\":0,\"publisher\":{\"@id\":\"https:\\\/\\\/www.adelte.com\\\/#organization\"},\"image\":{\"@id\":\"https:\\\/\\\/www.adelte.com\\\/es\\\/aena-adjudica-a-efs-el-servicio-de-limpieza-lado-aire-del-aeropuerto-de-barcelona\\\/#primaryimage\"},\"thumbnailUrl\":\"https:\\\/\\\/www.adelte.com\\\/wp-content\\\/uploads\\\/2018\\\/09\\\/servicio_limpieza_lado_aire_aeropuertos_aena.jpg\",\"articleSection\":[\"ADELTE Group\",\"Aeropuertos\",\"Servicios Globales\"],\"inLanguage\":\"es\",\"potentialAction\":[{\"@type\":\"CommentAction\",\"name\":\"Comment\",\"target\":[\"https:\\\/\\\/www.adelte.com\\\/es\\\/aena-adjudica-a-efs-el-servicio-de-limpieza-lado-aire-del-aeropuerto-de-barcelona\\\/#respond\"]}]},{\"@type\":\"WebPage\",\"@id\":\"https:\\\/\\\/www.adelte.com\\\/es\\\/aena-adjudica-a-efs-el-servicio-de-limpieza-lado-aire-del-aeropuerto-de-barcelona\\\/\",\"url\":\"https:\\\/\\\/www.adelte.com\\\/es\\\/aena-adjudica-a-efs-el-servicio-de-limpieza-lado-aire-del-aeropuerto-de-barcelona\\\/\",\"name\":\"Aena adjudica a EFS el servicio de limpieza lado aire del Aeropuerto de Barcelona\",\"isPartOf\":{\"@id\":\"https:\\\/\\\/www.adelte.com\\\/#website\"},\"primaryImageOfPage\":{\"@id\":\"https:\\\/\\\/www.adelte.com\\\/es\\\/aena-adjudica-a-efs-el-servicio-de-limpieza-lado-aire-del-aeropuerto-de-barcelona\\\/#primaryimage\"},\"image\":{\"@id\":\"https:\\\/\\\/www.adelte.com\\\/es\\\/aena-adjudica-a-efs-el-servicio-de-limpieza-lado-aire-del-aeropuerto-de-barcelona\\\/#primaryimage\"},\"thumbnailUrl\":\"https:\\\/\\\/www.adelte.com\\\/wp-content\\\/uploads\\\/2018\\\/09\\\/servicio_limpieza_lado_aire_aeropuertos_aena.jpg\",\"datePublished\":\"2012-02-14T12:07:42+00:00\",\"dateModified\":\"2018-09-20T12:11:35+00:00\",\"breadcrumb\":{\"@id\":\"https:\\\/\\\/www.adelte.com\\\/es\\\/aena-adjudica-a-efs-el-servicio-de-limpieza-lado-aire-del-aeropuerto-de-barcelona\\\/#breadcrumb\"},\"inLanguage\":\"es\",\"potentialAction\":[{\"@type\":\"ReadAction\",\"target\":[\"https:\\\/\\\/www.adelte.com\\\/es\\\/aena-adjudica-a-efs-el-servicio-de-limpieza-lado-aire-del-aeropuerto-de-barcelona\\\/\"]}]},{\"@type\":\"ImageObject\",\"inLanguage\":\"es\",\"@id\":\"https:\\\/\\\/www.adelte.com\\\/es\\\/aena-adjudica-a-efs-el-servicio-de-limpieza-lado-aire-del-aeropuerto-de-barcelona\\\/#primaryimage\",\"url\":\"https:\\\/\\\/www.adelte.com\\\/wp-content\\\/uploads\\\/2018\\\/09\\\/servicio_limpieza_lado_aire_aeropuertos_aena.jpg\",\"contentUrl\":\"https:\\\/\\\/www.adelte.com\\\/wp-content\\\/uploads\\\/2018\\\/09\\\/servicio_limpieza_lado_aire_aeropuertos_aena.jpg\",\"width\":1986,\"height\":940},{\"@type\":\"BreadcrumbList\",\"@id\":\"https:\\\/\\\/www.adelte.com\\\/es\\\/aena-adjudica-a-efs-el-servicio-de-limpieza-lado-aire-del-aeropuerto-de-barcelona\\\/#breadcrumb\",\"itemListElement\":[{\"@type\":\"ListItem\",\"position\":1,\"name\":\"Home\",\"item\":\"https:\\\/\\\/www.adelte.com\\\/es\\\/\"},{\"@type\":\"ListItem\",\"position\":2,\"name\":\"Aena adjudica a EFS el servicio de limpieza lado aire del Aeropuerto de Barcelona\"}]},{\"@type\":\"WebSite\",\"@id\":\"https:\\\/\\\/www.adelte.com\\\/#website\",\"url\":\"https:\\\/\\\/www.adelte.com\\\/\",\"name\":\"ADELTE\",\"description\":\"\",\"publisher\":{\"@id\":\"https:\\\/\\\/www.adelte.com\\\/#organization\"},\"potentialAction\":[{\"@type\":\"SearchAction\",\"target\":{\"@type\":\"EntryPoint\",\"urlTemplate\":\"https:\\\/\\\/www.adelte.com\\\/?s={search_term_string}\"},\"query-input\":{\"@type\":\"PropertyValueSpecification\",\"valueRequired\":true,\"valueName\":\"search_term_string\"}}],\"inLanguage\":\"es\"},{\"@type\":\"Organization\",\"@id\":\"https:\\\/\\\/www.adelte.com\\\/#organization\",\"name\":\"ADELTE\",\"url\":\"https:\\\/\\\/www.adelte.com\\\/\",\"logo\":{\"@type\":\"ImageObject\",\"inLanguage\":\"es\",\"@id\":\"https:\\\/\\\/www.adelte.com\\\/#\\\/schema\\\/logo\\\/image\\\/\",\"url\":\"https:\\\/\\\/www.adelte.com\\\/wp-content\\\/uploads\\\/2019\\\/05\\\/logo-adelte-white.png\",\"contentUrl\":\"https:\\\/\\\/www.adelte.com\\\/wp-content\\\/uploads\\\/2019\\\/05\\\/logo-adelte-white.png\",\"width\":251,\"height\":56,\"caption\":\"ADELTE\"},\"image\":{\"@id\":\"https:\\\/\\\/www.adelte.com\\\/#\\\/schema\\\/logo\\\/image\\\/\"}},{\"@type\":\"Person\",\"@id\":\"https:\\\/\\\/www.adelte.com\\\/#\\\/schema\\\/person\\\/e7c1478e7002901332b4ac58e1c40a6c\",\"name\":\"adelte\",\"image\":{\"@type\":\"ImageObject\",\"inLanguage\":\"es\",\"@id\":\"https:\\\/\\\/secure.gravatar.com\\\/avatar\\\/bdfa24da655565029b971ea6d2320596b413b3595cf09b49c914d8c5d9098b55\",\"url\":\"https:\\\/\\\/secure.gravatar.com\\\/avatar\\\/bdfa24da655565029b971ea6d2320596b413b3595cf09b49c914d8c5d9098b55\",\"contentUrl\":\"https:\\\/\\\/secure.gravatar.com\\\/avatar\\\/bdfa24da655565029b971ea6d2320596b413b3595cf09b49c914d8c5d9098b55\",\"caption\":\"adelte\"}}]}<\/script>\n<!-- \/ Yoast SEO plugin. -->","yoast_head_json":{"title":"Aena adjudica a EFS el servicio de limpieza lado aire del Aeropuerto de Barcelona","robots":{"index":"index","follow":"follow","max-snippet":"max-snippet:-1","max-image-preview":"max-image-preview:large","max-video-preview":"max-video-preview:-1"},"canonical":"https:\/\/www.adelte.com\/es\/aena-adjudica-a-efs-el-servicio-de-limpieza-lado-aire-del-aeropuerto-de-barcelona\/","og_locale":"es_ES","og_type":"article","og_title":"Aena adjudica a EFS el servicio de limpieza lado aire del Aeropuerto de Barcelona","og_description":"Barcelona, 14 de Febrero de 2012\u00a0\u2013 Equipo Facility Services S.L. (EFS) junto con la empresa INGESAN del Grupo OHL realizar\u00e1n a partir del 1 de Marzo este\u00a0servicio de limpieza\u00a0en el aeropuerto de Barcelona. En 2010, AENA Aeropuertos ya hab\u00eda adjudicado&hellip;","og_url":"https:\/\/www.adelte.com\/es\/aena-adjudica-a-efs-el-servicio-de-limpieza-lado-aire-del-aeropuerto-de-barcelona\/","og_site_name":"ADELTE","article_published_time":"2012-02-14T12:07:42+00:00","article_modified_time":"2018-09-20T12:11:35+00:00","og_image":[{"width":1986,"height":940,"url":"https:\/\/www.adelte.com\/wp-content\/uploads\/2018\/09\/servicio_limpieza_lado_aire_aeropuertos_aena.jpg","type":"image\/jpeg"}],"author":"adelte","twitter_card":"summary_large_image","twitter_misc":{"Escrito por":"adelte","Tiempo de lectura":"1 minuto"},"schema":{"@context":"https:\/\/schema.org","@graph":[{"@type":"Article","@id":"https:\/\/www.adelte.com\/es\/aena-adjudica-a-efs-el-servicio-de-limpieza-lado-aire-del-aeropuerto-de-barcelona\/#article","isPartOf":{"@id":"https:\/\/www.adelte.com\/es\/aena-adjudica-a-efs-el-servicio-de-limpieza-lado-aire-del-aeropuerto-de-barcelona\/"},"author":{"name":"adelte","@id":"https:\/\/www.adelte.com\/#\/schema\/person\/e7c1478e7002901332b4ac58e1c40a6c"},"headline":"Aena adjudica a EFS el servicio de limpieza lado aire del Aeropuerto de Barcelona","datePublished":"2012-02-14T12:07:42+00:00","dateModified":"2018-09-20T12:11:35+00:00","mainEntityOfPage":{"@id":"https:\/\/www.adelte.com\/es\/aena-adjudica-a-efs-el-servicio-de-limpieza-lado-aire-del-aeropuerto-de-barcelona\/"},"wordCount":276,"commentCount":0,"publisher":{"@id":"https:\/\/www.adelte.com\/#organization"},"image":{"@id":"https:\/\/www.adelte.com\/es\/aena-adjudica-a-efs-el-servicio-de-limpieza-lado-aire-del-aeropuerto-de-barcelona\/#primaryimage"},"thumbnailUrl":"https:\/\/www.adelte.com\/wp-content\/uploads\/2018\/09\/servicio_limpieza_lado_aire_aeropuertos_aena.jpg","articleSection":["ADELTE Group","Aeropuertos","Servicios Globales"],"inLanguage":"es","potentialAction":[{"@type":"CommentAction","name":"Comment","target":["https:\/\/www.adelte.com\/es\/aena-adjudica-a-efs-el-servicio-de-limpieza-lado-aire-del-aeropuerto-de-barcelona\/#respond"]}]},{"@type":"WebPage","@id":"https:\/\/www.adelte.com\/es\/aena-adjudica-a-efs-el-servicio-de-limpieza-lado-aire-del-aeropuerto-de-barcelona\/","url":"https:\/\/www.adelte.com\/es\/aena-adjudica-a-efs-el-servicio-de-limpieza-lado-aire-del-aeropuerto-de-barcelona\/","name":"Aena adjudica a EFS el servicio de limpieza lado aire del Aeropuerto de Barcelona","isPartOf":{"@id":"https:\/\/www.adelte.com\/#website"},"primaryImageOfPage":{"@id":"https:\/\/www.adelte.com\/es\/aena-adjudica-a-efs-el-servicio-de-limpieza-lado-aire-del-aeropuerto-de-barcelona\/#primaryimage"},"image":{"@id":"https:\/\/www.adelte.com\/es\/aena-adjudica-a-efs-el-servicio-de-limpieza-lado-aire-del-aeropuerto-de-barcelona\/#primaryimage"},"thumbnailUrl":"https:\/\/www.adelte.com\/wp-content\/uploads\/2018\/09\/servicio_limpieza_lado_aire_aeropuertos_aena.jpg","datePublished":"2012-02-14T12:07:42+00:00","dateModified":"2018-09-20T12:11:35+00:00","breadcrumb":{"@id":"https:\/\/www.adelte.com\/es\/aena-adjudica-a-efs-el-servicio-de-limpieza-lado-aire-del-aeropuerto-de-barcelona\/#breadcrumb"},"inLanguage":"es","potentialAction":[{"@type":"ReadAction","target":["https:\/\/www.adelte.com\/es\/aena-adjudica-a-efs-el-servicio-de-limpieza-lado-aire-del-aeropuerto-de-barcelona\/"]}]},{"@type":"ImageObject","inLanguage":"es","@id":"https:\/\/www.adelte.com\/es\/aena-adjudica-a-efs-el-servicio-de-limpieza-lado-aire-del-aeropuerto-de-barcelona\/#primaryimage","url":"https:\/\/www.adelte.com\/wp-content\/uploads\/2018\/09\/servicio_limpieza_lado_aire_aeropuertos_aena.jpg","contentUrl":"https:\/\/www.adelte.com\/wp-content\/uploads\/2018\/09\/servicio_limpieza_lado_aire_aeropuertos_aena.jpg","width":1986,"height":940},{"@type":"BreadcrumbList","@id":"https:\/\/www.adelte.com\/es\/aena-adjudica-a-efs-el-servicio-de-limpieza-lado-aire-del-aeropuerto-de-barcelona\/#breadcrumb","itemListElement":[{"@type":"ListItem","position":1,"name":"Home","item":"https:\/\/www.adelte.com\/es\/"},{"@type":"ListItem","position":2,"name":"Aena adjudica a EFS el servicio de limpieza lado aire del Aeropuerto de Barcelona"}]},{"@type":"WebSite","@id":"https:\/\/www.adelte.com\/#website","url":"https:\/\/www.adelte.com\/","name":"ADELTE","description":"","publisher":{"@id":"https:\/\/www.adelte.com\/#organization"},"potentialAction":[{"@type":"SearchAction","target":{"@type":"EntryPoint","urlTemplate":"https:\/\/www.adelte.com\/?s={search_term_string}"},"query-input":{"@type":"PropertyValueSpecification","valueRequired":true,"valueName":"search_term_string"}}],"inLanguage":"es"},{"@type":"Organization","@id":"https:\/\/www.adelte.com\/#organization","name":"ADELTE","url":"https:\/\/www.adelte.com\/","logo":{"@type":"ImageObject","inLanguage":"es","@id":"https:\/\/www.adelte.com\/#\/schema\/logo\/image\/","url":"https:\/\/www.adelte.com\/wp-content\/uploads\/2019\/05\/logo-adelte-white.png","contentUrl":"https:\/\/www.adelte.com\/wp-content\/uploads\/2019\/05\/logo-adelte-white.png","width":251,"height":56,"caption":"ADELTE"},"image":{"@id":"https:\/\/www.adelte.com\/#\/schema\/logo\/image\/"}},{"@type":"Person","@id":"https:\/\/www.adelte.com\/#\/schema\/person\/e7c1478e7002901332b4ac58e1c40a6c","name":"adelte","image":{"@type":"ImageObject","inLanguage":"es","@id":"https:\/\/secure.gravatar.com\/avatar\/bdfa24da655565029b971ea6d2320596b413b3595cf09b49c914d8c5d9098b55","url":"https:\/\/secure.gravatar.com\/avatar\/bdfa24da655565029b971ea6d2320596b413b3595cf09b49c914d8c5d9098b55","contentUrl":"https:\/\/secure.gravatar.com\/avatar\/bdfa24da655565029b971ea6d2320596b413b3595cf09b49c914d8c5d9098b55","caption":"adelte"}}]}},"_links":{"self":[{"href":"https:\/\/www.adelte.com\/es\/wp-json\/wp\/v2\/posts\/10385","targetHints":{"allow":["GET"]}}],"collection":[{"href":"https:\/\/www.adelte.com\/es\/wp-json\/wp\/v2\/posts"}],"about":[{"href":"https:\/\/www.adelte.com\/es\/wp-json\/wp\/v2\/types\/post"}],"author":[{"embeddable":true,"href":"https:\/\/www.adelte.com\/es\/wp-json\/wp\/v2\/users\/3"}],"replies":[{"embeddable":true,"href":"https:\/\/www.adelte.com\/es\/wp-json\/wp\/v2\/comments?post=10385"}],"version-history":[{"count":1,"href":"https:\/\/www.adelte.com\/es\/wp-json\/wp\/v2\/posts\/10385\/revisions"}],"predecessor-version":[{"id":10388,"href":"https:\/\/www.adelte.com\/es\/wp-json\/wp\/v2\/posts\/10385\/revisions\/10388"}],"wp:featuredmedia":[{"embeddable":true,"href":"https:\/\/www.adelte.com\/es\/wp-json\/wp\/v2\/media\/10386"}],"wp:attachment":[{"href":"https:\/\/www.adelte.com\/es\/wp-json\/wp\/v2\/media?parent=10385"}],"wp:term":[{"taxonomy":"category","embeddable":true,"href":"https:\/\/www.adelte.com\/es\/wp-json\/wp\/v2\/categories?post=10385"},{"taxonomy":"post_tag","embeddable":true,"href":"https:\/\/www.adelte.com\/es\/wp-json\/wp\/v2\/tags?post=10385"}],"curies":[{"name":"wp","href":"https:\/\/api.w.org\/{rel}","templated":true}]}}