{"id":10361,"date":"2013-11-26T12:30:24","date_gmt":"2013-11-26T11:30:24","guid":{"rendered":"http:\/\/www.adelte.com\/nuevaweb\/?p=10361"},"modified":"2018-09-20T12:33:20","modified_gmt":"2018-09-20T11:33:20","slug":"aena-adjudica-a-efs-el-servicio-de-conduccion-de-las-pasarelas-de-embarque-del-aeropuerto-madrid-barajas","status":"publish","type":"post","link":"https:\/\/www.adelte.com\/es\/aena-adjudica-a-efs-el-servicio-de-conduccion-de-las-pasarelas-de-embarque-del-aeropuerto-madrid-barajas\/","title":{"rendered":"AENA adjudica a EFS el Servicio de Conducci\u00f3n de las Pasarelas de Embarque del Aeropuerto Madrid-Barajas"},"content":{"rendered":"<p><strong>Barcelona, \u00a026 de Noviembre &#8211;\u00a0<\/strong>EFS (Equipo Facility Services)\u00a0ha ganado el contrato de Conducci\u00f3n de la totalidad de las Pasarelas de Embarque operando en Madrid-Barajas, primer aeropuerto espa\u00f1ol operado por AENA.<\/p>\n<p>A partir de Diciembre 2013, EFS se responsabilizar\u00e1 de la coordinaci\u00f3n, supervisi\u00f3n y conducci\u00f3n de las 121 pasarelas repartidas entre las Terminales T1\/2\/3\/4\/4s por las cuales embarcan y desembarcan unos 45 millones de viajeros al a\u00f1o.\u00a0Para cumplir con las exigencias de AENA Aeropuertos, el primer operador aeroportuario del mundo, EFS se apoya en un personal altamente cualificado y en una tecnolog\u00eda innovadora.<\/p>\n<p>EFS es la empresa de referencia para la asistencia a aeronaves a nivel nacional. Tiene una experiencia amplia y acertada de m\u00e1s de dos d\u00e9cadas, prestando\u00a0servicio de conducci\u00f3n de pasarelas\u00a0en diferentes aeropuertos del pa\u00eds.<\/p>\n","protected":false},"excerpt":{"rendered":"<p>Barcelona, \u00a026 de Noviembre &#8211;\u00a0EFS (Equipo Facility Services)\u00a0ha ganado el contrato de Conducci\u00f3n de la totalidad de las Pasarelas de Embarque operando en Madrid-Barajas, primer aeropuerto espa\u00f1ol operado por AENA. A partir de Diciembre 2013, EFS se responsabilizar\u00e1 de la&hellip;<\/p>\n","protected":false},"author":3,"featured_media":10362,"comment_status":"open","ping_status":"open","sticky":false,"template":"","format":"standard","meta":{"_acf_changed":false,"footnotes":""},"categories":[71,72,54],"tags":[],"class_list":["post-10361","post","type-post","status-publish","format-standard","has-post-thumbnail","hentry","category-grupo-adelte-es","category-aeropuertos","category-servicios-globales","entry","has-media"],"acf":[],"yoast_head":"<!-- This site is optimized with the Yoast SEO plugin v27.3 - https:\/\/yoast.com\/product\/yoast-seo-wordpress\/ -->\n<title>AENA adjudica a EFS el Servicio de Conducci\u00f3n de las Pasarelas de Embarque del Aeropuerto Madrid-Barajas<\/title>\n<meta name=\"robots\" content=\"index, follow, max-snippet:-1, max-image-preview:large, max-video-preview:-1\" \/>\n<link rel=\"canonical\" href=\"https:\/\/www.adelte.com\/es\/aena-adjudica-a-efs-el-servicio-de-conduccion-de-las-pasarelas-de-embarque-del-aeropuerto-madrid-barajas\/\" \/>\n<meta property=\"og:locale\" content=\"es_ES\" \/>\n<meta property=\"og:type\" content=\"article\" \/>\n<meta property=\"og:title\" content=\"AENA adjudica a EFS el Servicio de Conducci\u00f3n de las Pasarelas de Embarque del Aeropuerto Madrid-Barajas\" \/>\n<meta property=\"og:description\" content=\"Barcelona, \u00a026 de Noviembre &#8211;\u00a0EFS (Equipo Facility Services)\u00a0ha ganado el contrato de Conducci\u00f3n de la totalidad de las Pasarelas de Embarque operando en Madrid-Barajas, primer aeropuerto espa\u00f1ol operado por AENA. A partir de Diciembre 2013, EFS se responsabilizar\u00e1 de la&hellip;\" \/>\n<meta property=\"og:url\" content=\"https:\/\/www.adelte.com\/es\/aena-adjudica-a-efs-el-servicio-de-conduccion-de-las-pasarelas-de-embarque-del-aeropuerto-madrid-barajas\/\" \/>\n<meta property=\"og:site_name\" content=\"ADELTE\" \/>\n<meta property=\"article:published_time\" content=\"2013-11-26T11:30:24+00:00\" \/>\n<meta property=\"article:modified_time\" content=\"2018-09-20T11:33:20+00:00\" \/>\n<meta property=\"og:image\" content=\"https:\/\/www.adelte.com\/wp-content\/uploads\/2018\/09\/conduccion_pasarelas_embarque_pasajeros_aeropuerto_madrid_barajas.jpg\" \/>\n\t<meta property=\"og:image:width\" content=\"1986\" \/>\n\t<meta property=\"og:image:height\" content=\"940\" \/>\n\t<meta property=\"og:image:type\" content=\"image\/jpeg\" \/>\n<meta name=\"author\" content=\"adelte\" \/>\n<meta name=\"twitter:card\" content=\"summary_large_image\" \/>\n<meta name=\"twitter:label1\" content=\"Escrito por\" \/>\n\t<meta name=\"twitter:data1\" content=\"adelte\" \/>\n\t<meta name=\"twitter:label2\" content=\"Tiempo de lectura\" \/>\n\t<meta name=\"twitter:data2\" content=\"1 minuto\" \/>\n<script type=\"application\/ld+json\" class=\"yoast-schema-graph\">{\"@context\":\"https:\\\/\\\/schema.org\",\"@graph\":[{\"@type\":\"Article\",\"@id\":\"https:\\\/\\\/www.adelte.com\\\/es\\\/aena-adjudica-a-efs-el-servicio-de-conduccion-de-las-pasarelas-de-embarque-del-aeropuerto-madrid-barajas\\\/#article\",\"isPartOf\":{\"@id\":\"https:\\\/\\\/www.adelte.com\\\/es\\\/aena-adjudica-a-efs-el-servicio-de-conduccion-de-las-pasarelas-de-embarque-del-aeropuerto-madrid-barajas\\\/\"},\"author\":{\"name\":\"adelte\",\"@id\":\"https:\\\/\\\/www.adelte.com\\\/#\\\/schema\\\/person\\\/e7c1478e7002901332b4ac58e1c40a6c\"},\"headline\":\"AENA adjudica a EFS el Servicio de Conducci\u00f3n de las Pasarelas de Embarque del Aeropuerto Madrid-Barajas\",\"datePublished\":\"2013-11-26T11:30:24+00:00\",\"dateModified\":\"2018-09-20T11:33:20+00:00\",\"mainEntityOfPage\":{\"@id\":\"https:\\\/\\\/www.adelte.com\\\/es\\\/aena-adjudica-a-efs-el-servicio-de-conduccion-de-las-pasarelas-de-embarque-del-aeropuerto-madrid-barajas\\\/\"},\"wordCount\":156,\"commentCount\":0,\"publisher\":{\"@id\":\"https:\\\/\\\/www.adelte.com\\\/#organization\"},\"image\":{\"@id\":\"https:\\\/\\\/www.adelte.com\\\/es\\\/aena-adjudica-a-efs-el-servicio-de-conduccion-de-las-pasarelas-de-embarque-del-aeropuerto-madrid-barajas\\\/#primaryimage\"},\"thumbnailUrl\":\"https:\\\/\\\/www.adelte.com\\\/wp-content\\\/uploads\\\/2018\\\/09\\\/conduccion_pasarelas_embarque_pasajeros_aeropuerto_madrid_barajas.jpg\",\"articleSection\":[\"ADELTE Group\",\"Aeropuertos\",\"Servicios Globales\"],\"inLanguage\":\"es\",\"potentialAction\":[{\"@type\":\"CommentAction\",\"name\":\"Comment\",\"target\":[\"https:\\\/\\\/www.adelte.com\\\/es\\\/aena-adjudica-a-efs-el-servicio-de-conduccion-de-las-pasarelas-de-embarque-del-aeropuerto-madrid-barajas\\\/#respond\"]}]},{\"@type\":\"WebPage\",\"@id\":\"https:\\\/\\\/www.adelte.com\\\/es\\\/aena-adjudica-a-efs-el-servicio-de-conduccion-de-las-pasarelas-de-embarque-del-aeropuerto-madrid-barajas\\\/\",\"url\":\"https:\\\/\\\/www.adelte.com\\\/es\\\/aena-adjudica-a-efs-el-servicio-de-conduccion-de-las-pasarelas-de-embarque-del-aeropuerto-madrid-barajas\\\/\",\"name\":\"AENA adjudica a EFS el Servicio de Conducci\u00f3n de las Pasarelas de Embarque del Aeropuerto Madrid-Barajas\",\"isPartOf\":{\"@id\":\"https:\\\/\\\/www.adelte.com\\\/#website\"},\"primaryImageOfPage\":{\"@id\":\"https:\\\/\\\/www.adelte.com\\\/es\\\/aena-adjudica-a-efs-el-servicio-de-conduccion-de-las-pasarelas-de-embarque-del-aeropuerto-madrid-barajas\\\/#primaryimage\"},\"image\":{\"@id\":\"https:\\\/\\\/www.adelte.com\\\/es\\\/aena-adjudica-a-efs-el-servicio-de-conduccion-de-las-pasarelas-de-embarque-del-aeropuerto-madrid-barajas\\\/#primaryimage\"},\"thumbnailUrl\":\"https:\\\/\\\/www.adelte.com\\\/wp-content\\\/uploads\\\/2018\\\/09\\\/conduccion_pasarelas_embarque_pasajeros_aeropuerto_madrid_barajas.jpg\",\"datePublished\":\"2013-11-26T11:30:24+00:00\",\"dateModified\":\"2018-09-20T11:33:20+00:00\",\"breadcrumb\":{\"@id\":\"https:\\\/\\\/www.adelte.com\\\/es\\\/aena-adjudica-a-efs-el-servicio-de-conduccion-de-las-pasarelas-de-embarque-del-aeropuerto-madrid-barajas\\\/#breadcrumb\"},\"inLanguage\":\"es\",\"potentialAction\":[{\"@type\":\"ReadAction\",\"target\":[\"https:\\\/\\\/www.adelte.com\\\/es\\\/aena-adjudica-a-efs-el-servicio-de-conduccion-de-las-pasarelas-de-embarque-del-aeropuerto-madrid-barajas\\\/\"]}]},{\"@type\":\"ImageObject\",\"inLanguage\":\"es\",\"@id\":\"https:\\\/\\\/www.adelte.com\\\/es\\\/aena-adjudica-a-efs-el-servicio-de-conduccion-de-las-pasarelas-de-embarque-del-aeropuerto-madrid-barajas\\\/#primaryimage\",\"url\":\"https:\\\/\\\/www.adelte.com\\\/wp-content\\\/uploads\\\/2018\\\/09\\\/conduccion_pasarelas_embarque_pasajeros_aeropuerto_madrid_barajas.jpg\",\"contentUrl\":\"https:\\\/\\\/www.adelte.com\\\/wp-content\\\/uploads\\\/2018\\\/09\\\/conduccion_pasarelas_embarque_pasajeros_aeropuerto_madrid_barajas.jpg\",\"width\":1986,\"height\":940},{\"@type\":\"BreadcrumbList\",\"@id\":\"https:\\\/\\\/www.adelte.com\\\/es\\\/aena-adjudica-a-efs-el-servicio-de-conduccion-de-las-pasarelas-de-embarque-del-aeropuerto-madrid-barajas\\\/#breadcrumb\",\"itemListElement\":[{\"@type\":\"ListItem\",\"position\":1,\"name\":\"Home\",\"item\":\"https:\\\/\\\/www.adelte.com\\\/es\\\/\"},{\"@type\":\"ListItem\",\"position\":2,\"name\":\"AENA adjudica a EFS el Servicio de Conducci\u00f3n de las Pasarelas de Embarque del Aeropuerto Madrid-Barajas\"}]},{\"@type\":\"WebSite\",\"@id\":\"https:\\\/\\\/www.adelte.com\\\/#website\",\"url\":\"https:\\\/\\\/www.adelte.com\\\/\",\"name\":\"ADELTE\",\"description\":\"\",\"publisher\":{\"@id\":\"https:\\\/\\\/www.adelte.com\\\/#organization\"},\"potentialAction\":[{\"@type\":\"SearchAction\",\"target\":{\"@type\":\"EntryPoint\",\"urlTemplate\":\"https:\\\/\\\/www.adelte.com\\\/?s={search_term_string}\"},\"query-input\":{\"@type\":\"PropertyValueSpecification\",\"valueRequired\":true,\"valueName\":\"search_term_string\"}}],\"inLanguage\":\"es\"},{\"@type\":\"Organization\",\"@id\":\"https:\\\/\\\/www.adelte.com\\\/#organization\",\"name\":\"ADELTE\",\"url\":\"https:\\\/\\\/www.adelte.com\\\/\",\"logo\":{\"@type\":\"ImageObject\",\"inLanguage\":\"es\",\"@id\":\"https:\\\/\\\/www.adelte.com\\\/#\\\/schema\\\/logo\\\/image\\\/\",\"url\":\"https:\\\/\\\/www.adelte.com\\\/wp-content\\\/uploads\\\/2019\\\/05\\\/logo-adelte-white.png\",\"contentUrl\":\"https:\\\/\\\/www.adelte.com\\\/wp-content\\\/uploads\\\/2019\\\/05\\\/logo-adelte-white.png\",\"width\":251,\"height\":56,\"caption\":\"ADELTE\"},\"image\":{\"@id\":\"https:\\\/\\\/www.adelte.com\\\/#\\\/schema\\\/logo\\\/image\\\/\"}},{\"@type\":\"Person\",\"@id\":\"https:\\\/\\\/www.adelte.com\\\/#\\\/schema\\\/person\\\/e7c1478e7002901332b4ac58e1c40a6c\",\"name\":\"adelte\",\"image\":{\"@type\":\"ImageObject\",\"inLanguage\":\"es\",\"@id\":\"https:\\\/\\\/secure.gravatar.com\\\/avatar\\\/bdfa24da655565029b971ea6d2320596b413b3595cf09b49c914d8c5d9098b55\",\"url\":\"https:\\\/\\\/secure.gravatar.com\\\/avatar\\\/bdfa24da655565029b971ea6d2320596b413b3595cf09b49c914d8c5d9098b55\",\"contentUrl\":\"https:\\\/\\\/secure.gravatar.com\\\/avatar\\\/bdfa24da655565029b971ea6d2320596b413b3595cf09b49c914d8c5d9098b55\",\"caption\":\"adelte\"}}]}<\/script>\n<!-- \/ Yoast SEO plugin. -->","yoast_head_json":{"title":"AENA adjudica a EFS el Servicio de Conducci\u00f3n de las Pasarelas de Embarque del Aeropuerto Madrid-Barajas","robots":{"index":"index","follow":"follow","max-snippet":"max-snippet:-1","max-image-preview":"max-image-preview:large","max-video-preview":"max-video-preview:-1"},"canonical":"https:\/\/www.adelte.com\/es\/aena-adjudica-a-efs-el-servicio-de-conduccion-de-las-pasarelas-de-embarque-del-aeropuerto-madrid-barajas\/","og_locale":"es_ES","og_type":"article","og_title":"AENA adjudica a EFS el Servicio de Conducci\u00f3n de las Pasarelas de Embarque del Aeropuerto Madrid-Barajas","og_description":"Barcelona, \u00a026 de Noviembre &#8211;\u00a0EFS (Equipo Facility Services)\u00a0ha ganado el contrato de Conducci\u00f3n de la totalidad de las Pasarelas de Embarque operando en Madrid-Barajas, primer aeropuerto espa\u00f1ol operado por AENA. A partir de Diciembre 2013, EFS se responsabilizar\u00e1 de la&hellip;","og_url":"https:\/\/www.adelte.com\/es\/aena-adjudica-a-efs-el-servicio-de-conduccion-de-las-pasarelas-de-embarque-del-aeropuerto-madrid-barajas\/","og_site_name":"ADELTE","article_published_time":"2013-11-26T11:30:24+00:00","article_modified_time":"2018-09-20T11:33:20+00:00","og_image":[{"width":1986,"height":940,"url":"https:\/\/www.adelte.com\/wp-content\/uploads\/2018\/09\/conduccion_pasarelas_embarque_pasajeros_aeropuerto_madrid_barajas.jpg","type":"image\/jpeg"}],"author":"adelte","twitter_card":"summary_large_image","twitter_misc":{"Escrito por":"adelte","Tiempo de lectura":"1 minuto"},"schema":{"@context":"https:\/\/schema.org","@graph":[{"@type":"Article","@id":"https:\/\/www.adelte.com\/es\/aena-adjudica-a-efs-el-servicio-de-conduccion-de-las-pasarelas-de-embarque-del-aeropuerto-madrid-barajas\/#article","isPartOf":{"@id":"https:\/\/www.adelte.com\/es\/aena-adjudica-a-efs-el-servicio-de-conduccion-de-las-pasarelas-de-embarque-del-aeropuerto-madrid-barajas\/"},"author":{"name":"adelte","@id":"https:\/\/www.adelte.com\/#\/schema\/person\/e7c1478e7002901332b4ac58e1c40a6c"},"headline":"AENA adjudica a EFS el Servicio de Conducci\u00f3n de las Pasarelas de Embarque del Aeropuerto Madrid-Barajas","datePublished":"2013-11-26T11:30:24+00:00","dateModified":"2018-09-20T11:33:20+00:00","mainEntityOfPage":{"@id":"https:\/\/www.adelte.com\/es\/aena-adjudica-a-efs-el-servicio-de-conduccion-de-las-pasarelas-de-embarque-del-aeropuerto-madrid-barajas\/"},"wordCount":156,"commentCount":0,"publisher":{"@id":"https:\/\/www.adelte.com\/#organization"},"image":{"@id":"https:\/\/www.adelte.com\/es\/aena-adjudica-a-efs-el-servicio-de-conduccion-de-las-pasarelas-de-embarque-del-aeropuerto-madrid-barajas\/#primaryimage"},"thumbnailUrl":"https:\/\/www.adelte.com\/wp-content\/uploads\/2018\/09\/conduccion_pasarelas_embarque_pasajeros_aeropuerto_madrid_barajas.jpg","articleSection":["ADELTE Group","Aeropuertos","Servicios Globales"],"inLanguage":"es","potentialAction":[{"@type":"CommentAction","name":"Comment","target":["https:\/\/www.adelte.com\/es\/aena-adjudica-a-efs-el-servicio-de-conduccion-de-las-pasarelas-de-embarque-del-aeropuerto-madrid-barajas\/#respond"]}]},{"@type":"WebPage","@id":"https:\/\/www.adelte.com\/es\/aena-adjudica-a-efs-el-servicio-de-conduccion-de-las-pasarelas-de-embarque-del-aeropuerto-madrid-barajas\/","url":"https:\/\/www.adelte.com\/es\/aena-adjudica-a-efs-el-servicio-de-conduccion-de-las-pasarelas-de-embarque-del-aeropuerto-madrid-barajas\/","name":"AENA adjudica a EFS el Servicio de Conducci\u00f3n de las Pasarelas de Embarque del Aeropuerto Madrid-Barajas","isPartOf":{"@id":"https:\/\/www.adelte.com\/#website"},"primaryImageOfPage":{"@id":"https:\/\/www.adelte.com\/es\/aena-adjudica-a-efs-el-servicio-de-conduccion-de-las-pasarelas-de-embarque-del-aeropuerto-madrid-barajas\/#primaryimage"},"image":{"@id":"https:\/\/www.adelte.com\/es\/aena-adjudica-a-efs-el-servicio-de-conduccion-de-las-pasarelas-de-embarque-del-aeropuerto-madrid-barajas\/#primaryimage"},"thumbnailUrl":"https:\/\/www.adelte.com\/wp-content\/uploads\/2018\/09\/conduccion_pasarelas_embarque_pasajeros_aeropuerto_madrid_barajas.jpg","datePublished":"2013-11-26T11:30:24+00:00","dateModified":"2018-09-20T11:33:20+00:00","breadcrumb":{"@id":"https:\/\/www.adelte.com\/es\/aena-adjudica-a-efs-el-servicio-de-conduccion-de-las-pasarelas-de-embarque-del-aeropuerto-madrid-barajas\/#breadcrumb"},"inLanguage":"es","potentialAction":[{"@type":"ReadAction","target":["https:\/\/www.adelte.com\/es\/aena-adjudica-a-efs-el-servicio-de-conduccion-de-las-pasarelas-de-embarque-del-aeropuerto-madrid-barajas\/"]}]},{"@type":"ImageObject","inLanguage":"es","@id":"https:\/\/www.adelte.com\/es\/aena-adjudica-a-efs-el-servicio-de-conduccion-de-las-pasarelas-de-embarque-del-aeropuerto-madrid-barajas\/#primaryimage","url":"https:\/\/www.adelte.com\/wp-content\/uploads\/2018\/09\/conduccion_pasarelas_embarque_pasajeros_aeropuerto_madrid_barajas.jpg","contentUrl":"https:\/\/www.adelte.com\/wp-content\/uploads\/2018\/09\/conduccion_pasarelas_embarque_pasajeros_aeropuerto_madrid_barajas.jpg","width":1986,"height":940},{"@type":"BreadcrumbList","@id":"https:\/\/www.adelte.com\/es\/aena-adjudica-a-efs-el-servicio-de-conduccion-de-las-pasarelas-de-embarque-del-aeropuerto-madrid-barajas\/#breadcrumb","itemListElement":[{"@type":"ListItem","position":1,"name":"Home","item":"https:\/\/www.adelte.com\/es\/"},{"@type":"ListItem","position":2,"name":"AENA adjudica a EFS el Servicio de Conducci\u00f3n de las Pasarelas de Embarque del Aeropuerto Madrid-Barajas"}]},{"@type":"WebSite","@id":"https:\/\/www.adelte.com\/#website","url":"https:\/\/www.adelte.com\/","name":"ADELTE","description":"","publisher":{"@id":"https:\/\/www.adelte.com\/#organization"},"potentialAction":[{"@type":"SearchAction","target":{"@type":"EntryPoint","urlTemplate":"https:\/\/www.adelte.com\/?s={search_term_string}"},"query-input":{"@type":"PropertyValueSpecification","valueRequired":true,"valueName":"search_term_string"}}],"inLanguage":"es"},{"@type":"Organization","@id":"https:\/\/www.adelte.com\/#organization","name":"ADELTE","url":"https:\/\/www.adelte.com\/","logo":{"@type":"ImageObject","inLanguage":"es","@id":"https:\/\/www.adelte.com\/#\/schema\/logo\/image\/","url":"https:\/\/www.adelte.com\/wp-content\/uploads\/2019\/05\/logo-adelte-white.png","contentUrl":"https:\/\/www.adelte.com\/wp-content\/uploads\/2019\/05\/logo-adelte-white.png","width":251,"height":56,"caption":"ADELTE"},"image":{"@id":"https:\/\/www.adelte.com\/#\/schema\/logo\/image\/"}},{"@type":"Person","@id":"https:\/\/www.adelte.com\/#\/schema\/person\/e7c1478e7002901332b4ac58e1c40a6c","name":"adelte","image":{"@type":"ImageObject","inLanguage":"es","@id":"https:\/\/secure.gravatar.com\/avatar\/bdfa24da655565029b971ea6d2320596b413b3595cf09b49c914d8c5d9098b55","url":"https:\/\/secure.gravatar.com\/avatar\/bdfa24da655565029b971ea6d2320596b413b3595cf09b49c914d8c5d9098b55","contentUrl":"https:\/\/secure.gravatar.com\/avatar\/bdfa24da655565029b971ea6d2320596b413b3595cf09b49c914d8c5d9098b55","caption":"adelte"}}]}},"_links":{"self":[{"href":"https:\/\/www.adelte.com\/es\/wp-json\/wp\/v2\/posts\/10361","targetHints":{"allow":["GET"]}}],"collection":[{"href":"https:\/\/www.adelte.com\/es\/wp-json\/wp\/v2\/posts"}],"about":[{"href":"https:\/\/www.adelte.com\/es\/wp-json\/wp\/v2\/types\/post"}],"author":[{"embeddable":true,"href":"https:\/\/www.adelte.com\/es\/wp-json\/wp\/v2\/users\/3"}],"replies":[{"embeddable":true,"href":"https:\/\/www.adelte.com\/es\/wp-json\/wp\/v2\/comments?post=10361"}],"version-history":[{"count":1,"href":"https:\/\/www.adelte.com\/es\/wp-json\/wp\/v2\/posts\/10361\/revisions"}],"predecessor-version":[{"id":10364,"href":"https:\/\/www.adelte.com\/es\/wp-json\/wp\/v2\/posts\/10361\/revisions\/10364"}],"wp:featuredmedia":[{"embeddable":true,"href":"https:\/\/www.adelte.com\/es\/wp-json\/wp\/v2\/media\/10362"}],"wp:attachment":[{"href":"https:\/\/www.adelte.com\/es\/wp-json\/wp\/v2\/media?parent=10361"}],"wp:term":[{"taxonomy":"category","embeddable":true,"href":"https:\/\/www.adelte.com\/es\/wp-json\/wp\/v2\/categories?post=10361"},{"taxonomy":"post_tag","embeddable":true,"href":"https:\/\/www.adelte.com\/es\/wp-json\/wp\/v2\/tags?post=10361"}],"curies":[{"name":"wp","href":"https:\/\/api.w.org\/{rel}","templated":true}]}}