{"id":10357,"date":"2014-01-09T12:29:28","date_gmt":"2014-01-09T11:29:28","guid":{"rendered":"http:\/\/www.adelte.com\/nuevaweb\/?p=10357"},"modified":"2018-09-20T12:29:47","modified_gmt":"2018-09-20T11:29:47","slug":"aena-adjudica-a-efs-el-servicio-de-limpieza-lado-aire-del-aeropuerto-de-alicante-elche","status":"publish","type":"post","link":"https:\/\/www.adelte.com\/es\/aena-adjudica-a-efs-el-servicio-de-limpieza-lado-aire-del-aeropuerto-de-alicante-elche\/","title":{"rendered":"AENA adjudica a EFS el Servicio de Limpieza Lado Aire del Aeropuerto de Alicante-Elche"},"content":{"rendered":"<p><strong>Barcelona, 9 de Enero de 2014<\/strong>\u00a0\u2013 EFS (Equipo Facility Services)\u00a0ha sido contratada por AENA para realizar el\u00a0Servicio de Limpieza\u00a0Lado Aire en el Aeropuerto de Alicante-Elche. EFS est\u00e1 realizando este servicio en Alicante desde 2006 y\u00a0destaca por aplicar la tecnolog\u00eda m\u00e1s avanzada en el mercado, respondiendo siempre a las medidas de calidad y medio ambiente, y por apostar en la formaci\u00f3n de sus profesionales para asegurar la calidad de sus servicios.<\/p>\n<p>As\u00ed pues, los equipos especializados y experimentados de EFS seguir\u00e1n encarg\u00e1ndose de la recogida y gesti\u00f3n de residuos, as\u00ed como del traslado de los productos que requieran un tratamiento especial hacia el centro de transferencia de residuos. El per\u00edmetro de acci\u00f3n de esa adjudicaci\u00f3n se extiende a todo el \u00e1rea de movimiento del aeropuerto, incluidas las v\u00edas de servicio, la plataforma de estacionamiento de las aeronaves, rodaduras y pistas, parcelas, vallado y camino perimetral, patio de carrillos, etc.<\/p>\n","protected":false},"excerpt":{"rendered":"<p>Barcelona, 9 de Enero de 2014\u00a0\u2013 EFS (Equipo Facility Services)\u00a0ha sido contratada por AENA para realizar el\u00a0Servicio de Limpieza\u00a0Lado Aire en el Aeropuerto de Alicante-Elche. EFS est\u00e1 realizando este servicio en Alicante desde 2006 y\u00a0destaca por aplicar la tecnolog\u00eda m\u00e1s&hellip;<\/p>\n","protected":false},"author":3,"featured_media":10358,"comment_status":"open","ping_status":"open","sticky":false,"template":"","format":"standard","meta":{"_acf_changed":false,"footnotes":""},"categories":[71,72,54],"tags":[],"class_list":["post-10357","post","type-post","status-publish","format-standard","has-post-thumbnail","hentry","category-grupo-adelte-es","category-aeropuertos","category-servicios-globales","entry","has-media"],"acf":[],"yoast_head":"<!-- This site is optimized with the Yoast SEO plugin v27.3 - https:\/\/yoast.com\/product\/yoast-seo-wordpress\/ -->\n<title>AENA adjudica a EFS el Servicio de Limpieza Lado Aire del Aeropuerto de Alicante-Elche<\/title>\n<meta name=\"robots\" content=\"index, follow, max-snippet:-1, max-image-preview:large, max-video-preview:-1\" \/>\n<link rel=\"canonical\" href=\"https:\/\/www.adelte.com\/es\/aena-adjudica-a-efs-el-servicio-de-limpieza-lado-aire-del-aeropuerto-de-alicante-elche\/\" \/>\n<meta property=\"og:locale\" content=\"es_ES\" \/>\n<meta property=\"og:type\" content=\"article\" \/>\n<meta property=\"og:title\" content=\"AENA adjudica a EFS el Servicio de Limpieza Lado Aire del Aeropuerto de Alicante-Elche\" \/>\n<meta property=\"og:description\" content=\"Barcelona, 9 de Enero de 2014\u00a0\u2013 EFS (Equipo Facility Services)\u00a0ha sido contratada por AENA para realizar el\u00a0Servicio de Limpieza\u00a0Lado Aire en el Aeropuerto de Alicante-Elche. EFS est\u00e1 realizando este servicio en Alicante desde 2006 y\u00a0destaca por aplicar la tecnolog\u00eda m\u00e1s&hellip;\" \/>\n<meta property=\"og:url\" content=\"https:\/\/www.adelte.com\/es\/aena-adjudica-a-efs-el-servicio-de-limpieza-lado-aire-del-aeropuerto-de-alicante-elche\/\" \/>\n<meta property=\"og:site_name\" content=\"ADELTE\" \/>\n<meta property=\"article:published_time\" content=\"2014-01-09T11:29:28+00:00\" \/>\n<meta property=\"article:modified_time\" content=\"2018-09-20T11:29:47+00:00\" \/>\n<meta property=\"og:image\" content=\"https:\/\/www.adelte.com\/wp-content\/uploads\/2018\/09\/limpieza_lado_aire_aeropuertos_.jpg\" \/>\n\t<meta property=\"og:image:width\" content=\"1986\" \/>\n\t<meta property=\"og:image:height\" content=\"940\" \/>\n\t<meta property=\"og:image:type\" content=\"image\/jpeg\" \/>\n<meta name=\"author\" content=\"adelte\" \/>\n<meta name=\"twitter:card\" content=\"summary_large_image\" \/>\n<meta name=\"twitter:label1\" content=\"Escrito por\" \/>\n\t<meta name=\"twitter:data1\" content=\"adelte\" \/>\n\t<meta name=\"twitter:label2\" content=\"Tiempo de lectura\" \/>\n\t<meta name=\"twitter:data2\" content=\"1 minuto\" \/>\n<script type=\"application\/ld+json\" class=\"yoast-schema-graph\">{\"@context\":\"https:\\\/\\\/schema.org\",\"@graph\":[{\"@type\":\"Article\",\"@id\":\"https:\\\/\\\/www.adelte.com\\\/es\\\/aena-adjudica-a-efs-el-servicio-de-limpieza-lado-aire-del-aeropuerto-de-alicante-elche\\\/#article\",\"isPartOf\":{\"@id\":\"https:\\\/\\\/www.adelte.com\\\/es\\\/aena-adjudica-a-efs-el-servicio-de-limpieza-lado-aire-del-aeropuerto-de-alicante-elche\\\/\"},\"author\":{\"name\":\"adelte\",\"@id\":\"https:\\\/\\\/www.adelte.com\\\/#\\\/schema\\\/person\\\/e7c1478e7002901332b4ac58e1c40a6c\"},\"headline\":\"AENA adjudica a EFS el Servicio de Limpieza Lado Aire del Aeropuerto de Alicante-Elche\",\"datePublished\":\"2014-01-09T11:29:28+00:00\",\"dateModified\":\"2018-09-20T11:29:47+00:00\",\"mainEntityOfPage\":{\"@id\":\"https:\\\/\\\/www.adelte.com\\\/es\\\/aena-adjudica-a-efs-el-servicio-de-limpieza-lado-aire-del-aeropuerto-de-alicante-elche\\\/\"},\"wordCount\":173,\"commentCount\":0,\"publisher\":{\"@id\":\"https:\\\/\\\/www.adelte.com\\\/#organization\"},\"image\":{\"@id\":\"https:\\\/\\\/www.adelte.com\\\/es\\\/aena-adjudica-a-efs-el-servicio-de-limpieza-lado-aire-del-aeropuerto-de-alicante-elche\\\/#primaryimage\"},\"thumbnailUrl\":\"https:\\\/\\\/www.adelte.com\\\/wp-content\\\/uploads\\\/2018\\\/09\\\/limpieza_lado_aire_aeropuertos_.jpg\",\"articleSection\":[\"ADELTE Group\",\"Aeropuertos\",\"Servicios Globales\"],\"inLanguage\":\"es\",\"potentialAction\":[{\"@type\":\"CommentAction\",\"name\":\"Comment\",\"target\":[\"https:\\\/\\\/www.adelte.com\\\/es\\\/aena-adjudica-a-efs-el-servicio-de-limpieza-lado-aire-del-aeropuerto-de-alicante-elche\\\/#respond\"]}]},{\"@type\":\"WebPage\",\"@id\":\"https:\\\/\\\/www.adelte.com\\\/es\\\/aena-adjudica-a-efs-el-servicio-de-limpieza-lado-aire-del-aeropuerto-de-alicante-elche\\\/\",\"url\":\"https:\\\/\\\/www.adelte.com\\\/es\\\/aena-adjudica-a-efs-el-servicio-de-limpieza-lado-aire-del-aeropuerto-de-alicante-elche\\\/\",\"name\":\"AENA adjudica a EFS el Servicio de Limpieza Lado Aire del Aeropuerto de Alicante-Elche\",\"isPartOf\":{\"@id\":\"https:\\\/\\\/www.adelte.com\\\/#website\"},\"primaryImageOfPage\":{\"@id\":\"https:\\\/\\\/www.adelte.com\\\/es\\\/aena-adjudica-a-efs-el-servicio-de-limpieza-lado-aire-del-aeropuerto-de-alicante-elche\\\/#primaryimage\"},\"image\":{\"@id\":\"https:\\\/\\\/www.adelte.com\\\/es\\\/aena-adjudica-a-efs-el-servicio-de-limpieza-lado-aire-del-aeropuerto-de-alicante-elche\\\/#primaryimage\"},\"thumbnailUrl\":\"https:\\\/\\\/www.adelte.com\\\/wp-content\\\/uploads\\\/2018\\\/09\\\/limpieza_lado_aire_aeropuertos_.jpg\",\"datePublished\":\"2014-01-09T11:29:28+00:00\",\"dateModified\":\"2018-09-20T11:29:47+00:00\",\"breadcrumb\":{\"@id\":\"https:\\\/\\\/www.adelte.com\\\/es\\\/aena-adjudica-a-efs-el-servicio-de-limpieza-lado-aire-del-aeropuerto-de-alicante-elche\\\/#breadcrumb\"},\"inLanguage\":\"es\",\"potentialAction\":[{\"@type\":\"ReadAction\",\"target\":[\"https:\\\/\\\/www.adelte.com\\\/es\\\/aena-adjudica-a-efs-el-servicio-de-limpieza-lado-aire-del-aeropuerto-de-alicante-elche\\\/\"]}]},{\"@type\":\"ImageObject\",\"inLanguage\":\"es\",\"@id\":\"https:\\\/\\\/www.adelte.com\\\/es\\\/aena-adjudica-a-efs-el-servicio-de-limpieza-lado-aire-del-aeropuerto-de-alicante-elche\\\/#primaryimage\",\"url\":\"https:\\\/\\\/www.adelte.com\\\/wp-content\\\/uploads\\\/2018\\\/09\\\/limpieza_lado_aire_aeropuertos_.jpg\",\"contentUrl\":\"https:\\\/\\\/www.adelte.com\\\/wp-content\\\/uploads\\\/2018\\\/09\\\/limpieza_lado_aire_aeropuertos_.jpg\",\"width\":1986,\"height\":940},{\"@type\":\"BreadcrumbList\",\"@id\":\"https:\\\/\\\/www.adelte.com\\\/es\\\/aena-adjudica-a-efs-el-servicio-de-limpieza-lado-aire-del-aeropuerto-de-alicante-elche\\\/#breadcrumb\",\"itemListElement\":[{\"@type\":\"ListItem\",\"position\":1,\"name\":\"Home\",\"item\":\"https:\\\/\\\/www.adelte.com\\\/es\\\/\"},{\"@type\":\"ListItem\",\"position\":2,\"name\":\"AENA adjudica a EFS el Servicio de Limpieza Lado Aire del Aeropuerto de Alicante-Elche\"}]},{\"@type\":\"WebSite\",\"@id\":\"https:\\\/\\\/www.adelte.com\\\/#website\",\"url\":\"https:\\\/\\\/www.adelte.com\\\/\",\"name\":\"ADELTE\",\"description\":\"\",\"publisher\":{\"@id\":\"https:\\\/\\\/www.adelte.com\\\/#organization\"},\"potentialAction\":[{\"@type\":\"SearchAction\",\"target\":{\"@type\":\"EntryPoint\",\"urlTemplate\":\"https:\\\/\\\/www.adelte.com\\\/?s={search_term_string}\"},\"query-input\":{\"@type\":\"PropertyValueSpecification\",\"valueRequired\":true,\"valueName\":\"search_term_string\"}}],\"inLanguage\":\"es\"},{\"@type\":\"Organization\",\"@id\":\"https:\\\/\\\/www.adelte.com\\\/#organization\",\"name\":\"ADELTE\",\"url\":\"https:\\\/\\\/www.adelte.com\\\/\",\"logo\":{\"@type\":\"ImageObject\",\"inLanguage\":\"es\",\"@id\":\"https:\\\/\\\/www.adelte.com\\\/#\\\/schema\\\/logo\\\/image\\\/\",\"url\":\"https:\\\/\\\/www.adelte.com\\\/wp-content\\\/uploads\\\/2019\\\/05\\\/logo-adelte-white.png\",\"contentUrl\":\"https:\\\/\\\/www.adelte.com\\\/wp-content\\\/uploads\\\/2019\\\/05\\\/logo-adelte-white.png\",\"width\":251,\"height\":56,\"caption\":\"ADELTE\"},\"image\":{\"@id\":\"https:\\\/\\\/www.adelte.com\\\/#\\\/schema\\\/logo\\\/image\\\/\"}},{\"@type\":\"Person\",\"@id\":\"https:\\\/\\\/www.adelte.com\\\/#\\\/schema\\\/person\\\/e7c1478e7002901332b4ac58e1c40a6c\",\"name\":\"adelte\",\"image\":{\"@type\":\"ImageObject\",\"inLanguage\":\"es\",\"@id\":\"https:\\\/\\\/secure.gravatar.com\\\/avatar\\\/bdfa24da655565029b971ea6d2320596b413b3595cf09b49c914d8c5d9098b55\",\"url\":\"https:\\\/\\\/secure.gravatar.com\\\/avatar\\\/bdfa24da655565029b971ea6d2320596b413b3595cf09b49c914d8c5d9098b55\",\"contentUrl\":\"https:\\\/\\\/secure.gravatar.com\\\/avatar\\\/bdfa24da655565029b971ea6d2320596b413b3595cf09b49c914d8c5d9098b55\",\"caption\":\"adelte\"}}]}<\/script>\n<!-- \/ Yoast SEO plugin. -->","yoast_head_json":{"title":"AENA adjudica a EFS el Servicio de Limpieza Lado Aire del Aeropuerto de Alicante-Elche","robots":{"index":"index","follow":"follow","max-snippet":"max-snippet:-1","max-image-preview":"max-image-preview:large","max-video-preview":"max-video-preview:-1"},"canonical":"https:\/\/www.adelte.com\/es\/aena-adjudica-a-efs-el-servicio-de-limpieza-lado-aire-del-aeropuerto-de-alicante-elche\/","og_locale":"es_ES","og_type":"article","og_title":"AENA adjudica a EFS el Servicio de Limpieza Lado Aire del Aeropuerto de Alicante-Elche","og_description":"Barcelona, 9 de Enero de 2014\u00a0\u2013 EFS (Equipo Facility Services)\u00a0ha sido contratada por AENA para realizar el\u00a0Servicio de Limpieza\u00a0Lado Aire en el Aeropuerto de Alicante-Elche. EFS est\u00e1 realizando este servicio en Alicante desde 2006 y\u00a0destaca por aplicar la tecnolog\u00eda m\u00e1s&hellip;","og_url":"https:\/\/www.adelte.com\/es\/aena-adjudica-a-efs-el-servicio-de-limpieza-lado-aire-del-aeropuerto-de-alicante-elche\/","og_site_name":"ADELTE","article_published_time":"2014-01-09T11:29:28+00:00","article_modified_time":"2018-09-20T11:29:47+00:00","og_image":[{"width":1986,"height":940,"url":"https:\/\/www.adelte.com\/wp-content\/uploads\/2018\/09\/limpieza_lado_aire_aeropuertos_.jpg","type":"image\/jpeg"}],"author":"adelte","twitter_card":"summary_large_image","twitter_misc":{"Escrito por":"adelte","Tiempo de lectura":"1 minuto"},"schema":{"@context":"https:\/\/schema.org","@graph":[{"@type":"Article","@id":"https:\/\/www.adelte.com\/es\/aena-adjudica-a-efs-el-servicio-de-limpieza-lado-aire-del-aeropuerto-de-alicante-elche\/#article","isPartOf":{"@id":"https:\/\/www.adelte.com\/es\/aena-adjudica-a-efs-el-servicio-de-limpieza-lado-aire-del-aeropuerto-de-alicante-elche\/"},"author":{"name":"adelte","@id":"https:\/\/www.adelte.com\/#\/schema\/person\/e7c1478e7002901332b4ac58e1c40a6c"},"headline":"AENA adjudica a EFS el Servicio de Limpieza Lado Aire del Aeropuerto de Alicante-Elche","datePublished":"2014-01-09T11:29:28+00:00","dateModified":"2018-09-20T11:29:47+00:00","mainEntityOfPage":{"@id":"https:\/\/www.adelte.com\/es\/aena-adjudica-a-efs-el-servicio-de-limpieza-lado-aire-del-aeropuerto-de-alicante-elche\/"},"wordCount":173,"commentCount":0,"publisher":{"@id":"https:\/\/www.adelte.com\/#organization"},"image":{"@id":"https:\/\/www.adelte.com\/es\/aena-adjudica-a-efs-el-servicio-de-limpieza-lado-aire-del-aeropuerto-de-alicante-elche\/#primaryimage"},"thumbnailUrl":"https:\/\/www.adelte.com\/wp-content\/uploads\/2018\/09\/limpieza_lado_aire_aeropuertos_.jpg","articleSection":["ADELTE Group","Aeropuertos","Servicios Globales"],"inLanguage":"es","potentialAction":[{"@type":"CommentAction","name":"Comment","target":["https:\/\/www.adelte.com\/es\/aena-adjudica-a-efs-el-servicio-de-limpieza-lado-aire-del-aeropuerto-de-alicante-elche\/#respond"]}]},{"@type":"WebPage","@id":"https:\/\/www.adelte.com\/es\/aena-adjudica-a-efs-el-servicio-de-limpieza-lado-aire-del-aeropuerto-de-alicante-elche\/","url":"https:\/\/www.adelte.com\/es\/aena-adjudica-a-efs-el-servicio-de-limpieza-lado-aire-del-aeropuerto-de-alicante-elche\/","name":"AENA adjudica a EFS el Servicio de Limpieza Lado Aire del Aeropuerto de Alicante-Elche","isPartOf":{"@id":"https:\/\/www.adelte.com\/#website"},"primaryImageOfPage":{"@id":"https:\/\/www.adelte.com\/es\/aena-adjudica-a-efs-el-servicio-de-limpieza-lado-aire-del-aeropuerto-de-alicante-elche\/#primaryimage"},"image":{"@id":"https:\/\/www.adelte.com\/es\/aena-adjudica-a-efs-el-servicio-de-limpieza-lado-aire-del-aeropuerto-de-alicante-elche\/#primaryimage"},"thumbnailUrl":"https:\/\/www.adelte.com\/wp-content\/uploads\/2018\/09\/limpieza_lado_aire_aeropuertos_.jpg","datePublished":"2014-01-09T11:29:28+00:00","dateModified":"2018-09-20T11:29:47+00:00","breadcrumb":{"@id":"https:\/\/www.adelte.com\/es\/aena-adjudica-a-efs-el-servicio-de-limpieza-lado-aire-del-aeropuerto-de-alicante-elche\/#breadcrumb"},"inLanguage":"es","potentialAction":[{"@type":"ReadAction","target":["https:\/\/www.adelte.com\/es\/aena-adjudica-a-efs-el-servicio-de-limpieza-lado-aire-del-aeropuerto-de-alicante-elche\/"]}]},{"@type":"ImageObject","inLanguage":"es","@id":"https:\/\/www.adelte.com\/es\/aena-adjudica-a-efs-el-servicio-de-limpieza-lado-aire-del-aeropuerto-de-alicante-elche\/#primaryimage","url":"https:\/\/www.adelte.com\/wp-content\/uploads\/2018\/09\/limpieza_lado_aire_aeropuertos_.jpg","contentUrl":"https:\/\/www.adelte.com\/wp-content\/uploads\/2018\/09\/limpieza_lado_aire_aeropuertos_.jpg","width":1986,"height":940},{"@type":"BreadcrumbList","@id":"https:\/\/www.adelte.com\/es\/aena-adjudica-a-efs-el-servicio-de-limpieza-lado-aire-del-aeropuerto-de-alicante-elche\/#breadcrumb","itemListElement":[{"@type":"ListItem","position":1,"name":"Home","item":"https:\/\/www.adelte.com\/es\/"},{"@type":"ListItem","position":2,"name":"AENA adjudica a EFS el Servicio de Limpieza Lado Aire del Aeropuerto de Alicante-Elche"}]},{"@type":"WebSite","@id":"https:\/\/www.adelte.com\/#website","url":"https:\/\/www.adelte.com\/","name":"ADELTE","description":"","publisher":{"@id":"https:\/\/www.adelte.com\/#organization"},"potentialAction":[{"@type":"SearchAction","target":{"@type":"EntryPoint","urlTemplate":"https:\/\/www.adelte.com\/?s={search_term_string}"},"query-input":{"@type":"PropertyValueSpecification","valueRequired":true,"valueName":"search_term_string"}}],"inLanguage":"es"},{"@type":"Organization","@id":"https:\/\/www.adelte.com\/#organization","name":"ADELTE","url":"https:\/\/www.adelte.com\/","logo":{"@type":"ImageObject","inLanguage":"es","@id":"https:\/\/www.adelte.com\/#\/schema\/logo\/image\/","url":"https:\/\/www.adelte.com\/wp-content\/uploads\/2019\/05\/logo-adelte-white.png","contentUrl":"https:\/\/www.adelte.com\/wp-content\/uploads\/2019\/05\/logo-adelte-white.png","width":251,"height":56,"caption":"ADELTE"},"image":{"@id":"https:\/\/www.adelte.com\/#\/schema\/logo\/image\/"}},{"@type":"Person","@id":"https:\/\/www.adelte.com\/#\/schema\/person\/e7c1478e7002901332b4ac58e1c40a6c","name":"adelte","image":{"@type":"ImageObject","inLanguage":"es","@id":"https:\/\/secure.gravatar.com\/avatar\/bdfa24da655565029b971ea6d2320596b413b3595cf09b49c914d8c5d9098b55","url":"https:\/\/secure.gravatar.com\/avatar\/bdfa24da655565029b971ea6d2320596b413b3595cf09b49c914d8c5d9098b55","contentUrl":"https:\/\/secure.gravatar.com\/avatar\/bdfa24da655565029b971ea6d2320596b413b3595cf09b49c914d8c5d9098b55","caption":"adelte"}}]}},"_links":{"self":[{"href":"https:\/\/www.adelte.com\/es\/wp-json\/wp\/v2\/posts\/10357","targetHints":{"allow":["GET"]}}],"collection":[{"href":"https:\/\/www.adelte.com\/es\/wp-json\/wp\/v2\/posts"}],"about":[{"href":"https:\/\/www.adelte.com\/es\/wp-json\/wp\/v2\/types\/post"}],"author":[{"embeddable":true,"href":"https:\/\/www.adelte.com\/es\/wp-json\/wp\/v2\/users\/3"}],"replies":[{"embeddable":true,"href":"https:\/\/www.adelte.com\/es\/wp-json\/wp\/v2\/comments?post=10357"}],"version-history":[{"count":1,"href":"https:\/\/www.adelte.com\/es\/wp-json\/wp\/v2\/posts\/10357\/revisions"}],"predecessor-version":[{"id":10360,"href":"https:\/\/www.adelte.com\/es\/wp-json\/wp\/v2\/posts\/10357\/revisions\/10360"}],"wp:featuredmedia":[{"embeddable":true,"href":"https:\/\/www.adelte.com\/es\/wp-json\/wp\/v2\/media\/10358"}],"wp:attachment":[{"href":"https:\/\/www.adelte.com\/es\/wp-json\/wp\/v2\/media?parent=10357"}],"wp:term":[{"taxonomy":"category","embeddable":true,"href":"https:\/\/www.adelte.com\/es\/wp-json\/wp\/v2\/categories?post=10357"},{"taxonomy":"post_tag","embeddable":true,"href":"https:\/\/www.adelte.com\/es\/wp-json\/wp\/v2\/tags?post=10357"}],"curies":[{"name":"wp","href":"https:\/\/api.w.org\/{rel}","templated":true}]}}